{"id":9151,"date":"2020-09-01T19:58:52","date_gmt":"2020-09-01T22:58:52","guid":{"rendered":"https:\/\/tacuarembo.gub.uy\/?p=9151"},"modified":"2020-09-01T19:58:52","modified_gmt":"2020-09-01T22:58:52","slug":"vianda-30-000","status":"publish","type":"post","link":"https:\/\/tacuarembo.gub.uy\/?p=9151","title":{"rendered":"Vianda 30.000"},"content":{"rendered":"\n<p>Ma\u00f1ana mi\u00e9rcoles 2 de setiembre, en el programa de cooperaci\u00f3n de asistencia a familias ante la situaci\u00f3n por el Covid 19, entre la Intendencia de Tacuaremb\u00f3 y el Ej\u00e9rcito Nacional, en Barrio Godoy, el Intendente Dr. Jos\u00e9 Omar Men\u00e9ndez y el Comandante de la Divisi\u00f3n de Ej\u00e9rcito III Gral. Jos\u00e9 Mart\u00ednez, asistir\u00e1n a la entrega de la Vianda n\u00famero 30.000, donde adem\u00e1s atender\u00e1n consultas de la prensa.<\/p>\n","protected":false},"excerpt":{"rendered":"<p>Ma\u00f1ana mi\u00e9rcoles 2 de setiembre, en el programa de cooperaci\u00f3n de asistencia a familias ante la situaci\u00f3n por el Covid 19, entre la Intendencia de Tacuaremb\u00f3 y el Ej\u00e9rcito Nacional, en Barrio Godoy, el Intendente Dr. Jos\u00e9 Omar Men\u00e9ndez y el Comandante de la Divisi\u00f3n de Ej\u00e9rcito III Gral. Jos\u00e9 Mart\u00ednez, asistir\u00e1n a la entrega de la Vianda n\u00famero 30.000<\/p>\n","protected":false},"author":3,"featured_media":9152,"comment_status":"open","ping_status":"open","sticky":false,"template":"","format":"standard","meta":{"_eb_attr":"","footnotes":""},"categories":[16],"tags":[],"class_list":{"0":"post-9151","1":"post","2":"type-post","3":"status-publish","4":"format-standard","5":"has-post-thumbnail","7":"category-noticias"},"_links":{"self":[{"href":"https:\/\/tacuarembo.gub.uy\/index.php?rest_route=\/wp\/v2\/posts\/9151","targetHints":{"allow":["GET"]}}],"collection":[{"href":"https:\/\/tacuarembo.gub.uy\/index.php?rest_route=\/wp\/v2\/posts"}],"about":[{"href":"https:\/\/tacuarembo.gub.uy\/index.php?rest_route=\/wp\/v2\/types\/post"}],"author":[{"embeddable":true,"href":"https:\/\/tacuarembo.gub.uy\/index.php?rest_route=\/wp\/v2\/users\/3"}],"replies":[{"embeddable":true,"href":"https:\/\/tacuarembo.gub.uy\/index.php?rest_route=%2Fwp%2Fv2%2Fcomments&post=9151"}],"version-history":[{"count":1,"href":"https:\/\/tacuarembo.gub.uy\/index.php?rest_route=\/wp\/v2\/posts\/9151\/revisions"}],"predecessor-version":[{"id":9153,"href":"https:\/\/tacuarembo.gub.uy\/index.php?rest_route=\/wp\/v2\/posts\/9151\/revisions\/9153"}],"wp:featuredmedia":[{"embeddable":true,"href":"https:\/\/tacuarembo.gub.uy\/index.php?rest_route=\/wp\/v2\/media\/9152"}],"wp:attachment":[{"href":"https:\/\/tacuarembo.gub.uy\/index.php?rest_route=%2Fwp%2Fv2%2Fmedia&parent=9151"}],"wp:term":[{"taxonomy":"category","embeddable":true,"href":"https:\/\/tacuarembo.gub.uy\/index.php?rest_route=%2Fwp%2Fv2%2Fcategories&post=9151"},{"taxonomy":"post_tag","embeddable":true,"href":"https:\/\/tacuarembo.gub.uy\/index.php?rest_route=%2Fwp%2Fv2%2Ftags&post=9151"}],"curies":[{"name":"wp","href":"https:\/\/api.w.org\/{rel}","templated":true}]}}