{"id":9092,"date":"2020-08-26T20:40:36","date_gmt":"2020-08-26T23:40:36","guid":{"rendered":"https:\/\/tacuarembo.gub.uy\/?p=9092"},"modified":"2020-08-27T08:44:38","modified_gmt":"2020-08-27T11:44:38","slug":"acto-a-195-anos-de-la-declaratoria-de-la-independencia","status":"publish","type":"post","link":"https:\/\/tacuarembo.gub.uy\/?p=9092","title":{"rendered":"Acto a 195 a\u00f1os de la Declaratoria de la Independencia"},"content":{"rendered":"\n<p>El Intendente Dr. Jos\u00e9 Omar Men\u00e9ndez encabez\u00f3 el protocolo establecido por Comisi\u00f3n Patri\u00f3tica de Tacuaremb\u00f3 conmemorando, el 195 aniversario de la Declaratoria de la Independencia. Se desarroll\u00f3 un acto en el Hall de la IDT y posterior ofrenda floral en Plaza 19 de abril. El mensaje hist\u00f3rico estuvo a cargo de Agapito Leal (Dir. Gral. de Tr\u00e1nsito y Transporte &#8211; IDT). Nos acompa\u00f1\u00f3 una delegaci\u00f3n del Club de Leones junto a referentes institucionales que conforman la comisi\u00f3n, legisladores nacionales y departamentales.<\/p>\n\n\n\n<iframe loading=\"lazy\" width=\"729\" height=\"410\" src=\"https:\/\/www.youtube.com\/embed\/jI7tmfWGJd4\" frameborder=\"0\" allow=\"accelerometer; autoplay; encrypted-media; gyroscope; picture-in-picture\" allowfullscreen><\/iframe>\n\n\n\n<figure class=\"wp-block-image size-large\"><img loading=\"lazy\" decoding=\"async\" width=\"800\" height=\"420\" src=\"https:\/\/tacuarembo.gub.uy\/wp-content\/uploads\/WhatsApp-Image-2020-08-26-at-18.54.37-800x420.jpeg\" alt=\"\" class=\"wp-image-9093\"\/><\/figure>\n\n\n\n<figure class=\"wp-block-image size-large\"><img loading=\"lazy\" decoding=\"async\" width=\"800\" height=\"420\" src=\"https:\/\/tacuarembo.gub.uy\/wp-content\/uploads\/WhatsApp-Image-2020-08-26-at-18.54.50-1-800x420.jpeg\" alt=\"\" class=\"wp-image-9096\"\/><\/figure>\n\n\n\n<figure class=\"wp-block-image size-large\"><img loading=\"lazy\" decoding=\"async\" width=\"800\" height=\"420\" src=\"https:\/\/tacuarembo.gub.uy\/wp-content\/uploads\/WhatsApp-Image-2020-08-26-at-18.55.04-800x420.jpeg\" alt=\"\" class=\"wp-image-9095\"\/><\/figure>\n\n\n\n<figure class=\"wp-block-image size-large\"><img loading=\"lazy\" decoding=\"async\" width=\"800\" height=\"420\" src=\"https:\/\/tacuarembo.gub.uy\/wp-content\/uploads\/WhatsApp-Image-2020-08-26-at-18.55.24-800x420.jpeg\" alt=\"\" class=\"wp-image-9098\"\/><\/figure>\n\n\n\n<figure class=\"wp-block-image size-large\"><img loading=\"lazy\" decoding=\"async\" width=\"800\" height=\"420\" src=\"https:\/\/tacuarembo.gub.uy\/wp-content\/uploads\/WhatsApp-Image-2020-08-26-at-18.55.44-800x420.jpeg\" alt=\"\" class=\"wp-image-9099\"\/><\/figure>\n","protected":false},"excerpt":{"rendered":"<p>El Intendente Dr. Jos\u00e9 Omar Men\u00e9ndez encabez\u00f3 el protocolo establecido por Comisi\u00f3n Patri\u00f3tica de Tacuaremb\u00f3 conmemorando, el 195 aniversario de la Declaratoria de la Independencia. <\/p>\n","protected":false},"author":3,"featured_media":9100,"comment_status":"open","ping_status":"open","sticky":false,"template":"","format":"standard","meta":{"_eb_attr":"","footnotes":""},"categories":[16],"tags":[],"class_list":{"0":"post-9092","1":"post","2":"type-post","3":"status-publish","4":"format-standard","5":"has-post-thumbnail","7":"category-noticias"},"_links":{"self":[{"href":"https:\/\/tacuarembo.gub.uy\/index.php?rest_route=\/wp\/v2\/posts\/9092","targetHints":{"allow":["GET"]}}],"collection":[{"href":"https:\/\/tacuarembo.gub.uy\/index.php?rest_route=\/wp\/v2\/posts"}],"about":[{"href":"https:\/\/tacuarembo.gub.uy\/index.php?rest_route=\/wp\/v2\/types\/post"}],"author":[{"embeddable":true,"href":"https:\/\/tacuarembo.gub.uy\/index.php?rest_route=\/wp\/v2\/users\/3"}],"replies":[{"embeddable":true,"href":"https:\/\/tacuarembo.gub.uy\/index.php?rest_route=%2Fwp%2Fv2%2Fcomments&post=9092"}],"version-history":[{"count":1,"href":"https:\/\/tacuarembo.gub.uy\/index.php?rest_route=\/wp\/v2\/posts\/9092\/revisions"}],"predecessor-version":[{"id":9102,"href":"https:\/\/tacuarembo.gub.uy\/index.php?rest_route=\/wp\/v2\/posts\/9092\/revisions\/9102"}],"wp:featuredmedia":[{"embeddable":true,"href":"https:\/\/tacuarembo.gub.uy\/index.php?rest_route=\/wp\/v2\/media\/9100"}],"wp:attachment":[{"href":"https:\/\/tacuarembo.gub.uy\/index.php?rest_route=%2Fwp%2Fv2%2Fmedia&parent=9092"}],"wp:term":[{"taxonomy":"category","embeddable":true,"href":"https:\/\/tacuarembo.gub.uy\/index.php?rest_route=%2Fwp%2Fv2%2Fcategories&post=9092"},{"taxonomy":"post_tag","embeddable":true,"href":"https:\/\/tacuarembo.gub.uy\/index.php?rest_route=%2Fwp%2Fv2%2Ftags&post=9092"}],"curies":[{"name":"wp","href":"https:\/\/api.w.org\/{rel}","templated":true}]}}