{"id":9064,"date":"2020-08-26T14:59:17","date_gmt":"2020-08-26T17:59:17","guid":{"rendered":"https:\/\/tacuarembo.gub.uy\/?p=9064"},"modified":"2020-09-03T15:33:34","modified_gmt":"2020-09-03T18:33:34","slug":"el-exito-fue-de-los-tacuaremboenses","status":"publish","type":"post","link":"https:\/\/tacuarembo.gub.uy\/?p=9064","title":{"rendered":"El \u00e9xito fue de los Tacuaremboenses"},"content":{"rendered":"\n<p>As\u00ed lo destac\u00f3 el Comit\u00e9 Departamental de Emergencia al evaluar el operativo realizado con motivo de la Noche de la Nostalgia que cont\u00f3 con una participaci\u00f3n inter institucional con m\u00e1s de 100 personas. El mismo comenz\u00f3 sobre las 17 y 30 del d\u00eda 24 con una concentraci\u00f3n del equipo frente a Jefatura de Polic\u00eda, all\u00ed el Intendente Jos\u00e9 Men\u00e9ndez y el Jefe Jhon Saravia compartieron el augurio de un buen trabajo, de cercan\u00eda con la comunidad para ayudar al buen comportamiento en una noche diferente a la de otros a\u00f1os en este tiempo de pandemia. Al d\u00eda siguiente se revelaron detalles del procedimiento que pasamos a detallar, hubo una notificaci\u00f3n a 3 locales, se aplicaron 47 multas a veh\u00edculos de los cuales se incautaron 4 y se realizaron 167 espir\u00f3metr\u00edas con un saldo de 6 positivas. Desde el Comit\u00e9 de Emergencia se agradeci\u00f3 el apoyo de la poblaci\u00f3n y se resalt\u00f3 el buen comportamiento indicando que el \u00e9xito fue de los Tacuaremboenses.<\/p>\n\n\n\n<iframe loading=\"lazy\" src=\"https:\/\/www.youtube.com\/embed\/e9MEHfZDbUs\" allow=\"accelerometer; autoplay; encrypted-media; gyroscope; picture-in-picture\" allowfullscreen=\"\" width=\"729\" height=\"410\" frameborder=\"0\"><\/iframe>\n\n\n\n<figure class=\"wp-block-image size-large\"><img loading=\"lazy\" decoding=\"async\" width=\"800\" height=\"420\" src=\"https:\/\/tacuarembo.gub.uy\/wp-content\/uploads\/WhatsApp-Image-2020-08-26-at-14.59.501-1-800x420.jpeg\" alt=\"\" class=\"wp-image-9068\"\/><\/figure>\n\n\n\n<figure class=\"wp-block-image size-large\"><img loading=\"lazy\" decoding=\"async\" width=\"800\" height=\"420\" src=\"https:\/\/tacuarembo.gub.uy\/wp-content\/uploads\/WhatsApp-Image-2020-08-26-at-14.59.502-800x420.jpeg\" alt=\"\" class=\"wp-image-9072\"\/><\/figure>\n\n\n\n<figure class=\"wp-block-image size-large\"><img loading=\"lazy\" decoding=\"async\" width=\"800\" height=\"420\" src=\"https:\/\/tacuarembo.gub.uy\/wp-content\/uploads\/WhatsApp-Image-2020-08-26-at-14.59.50-800x420.jpeg\" alt=\"\" class=\"wp-image-9069\"\/><\/figure>\n\n\n\n<figure class=\"wp-block-image size-large\"><img loading=\"lazy\" decoding=\"async\" width=\"800\" height=\"420\" src=\"https:\/\/tacuarembo.gub.uy\/wp-content\/uploads\/WhatsApp-Image-2020-08-26-at-14.59.51-800x420.jpeg\" alt=\"\" class=\"wp-image-9075\"\/><\/figure>\n\n\n\n<figure class=\"wp-block-image size-large\"><img loading=\"lazy\" decoding=\"async\" width=\"800\" height=\"420\" src=\"https:\/\/tacuarembo.gub.uy\/wp-content\/uploads\/WhatsApp-Image-2020-08-26-at-14.59.52-800x420.jpeg\" alt=\"\" class=\"wp-image-9074\"\/><\/figure>\n\n\n\n<figure class=\"wp-block-image size-large\"><img loading=\"lazy\" decoding=\"async\" width=\"800\" height=\"420\" src=\"https:\/\/tacuarembo.gub.uy\/wp-content\/uploads\/WhatsApp-Image-2020-08-26-at-14.59.53-800x420.jpeg\" alt=\"\" class=\"wp-image-9073\"\/><\/figure>\n\n\n\n<figure class=\"wp-block-image size-large\"><img loading=\"lazy\" decoding=\"async\" width=\"800\" height=\"420\" src=\"https:\/\/tacuarembo.gub.uy\/wp-content\/uploads\/WhatsApp-Image-2020-08-26-at-14.59.541-800x420.jpeg\" alt=\"\" class=\"wp-image-9071\"\/><\/figure>\n\n\n\n<figure class=\"wp-block-image size-large\"><img loading=\"lazy\" decoding=\"async\" width=\"800\" height=\"420\" src=\"https:\/\/tacuarembo.gub.uy\/wp-content\/uploads\/WhatsApp-Image-2020-08-26-at-14.59.54-800x420.jpeg\" alt=\"\" class=\"wp-image-9070\"\/><\/figure>\n","protected":false},"excerpt":{"rendered":"<p>As\u00ed lo destac\u00f3 el Comit\u00e9 Departamental de Emergencia al evaluar el operativo realizado con motivo de la Noche de la Nostalgia que cont\u00f3 con una participaci\u00f3n inter institucional con m\u00e1s de 100 personas. <\/p>\n","protected":false},"author":3,"featured_media":9065,"comment_status":"open","ping_status":"open","sticky":false,"template":"","format":"standard","meta":{"_eb_attr":"","footnotes":""},"categories":[16],"tags":[],"class_list":{"0":"post-9064","1":"post","2":"type-post","3":"status-publish","4":"format-standard","5":"has-post-thumbnail","7":"category-noticias"},"_links":{"self":[{"href":"https:\/\/tacuarembo.gub.uy\/index.php?rest_route=\/wp\/v2\/posts\/9064","targetHints":{"allow":["GET"]}}],"collection":[{"href":"https:\/\/tacuarembo.gub.uy\/index.php?rest_route=\/wp\/v2\/posts"}],"about":[{"href":"https:\/\/tacuarembo.gub.uy\/index.php?rest_route=\/wp\/v2\/types\/post"}],"author":[{"embeddable":true,"href":"https:\/\/tacuarembo.gub.uy\/index.php?rest_route=\/wp\/v2\/users\/3"}],"replies":[{"embeddable":true,"href":"https:\/\/tacuarembo.gub.uy\/index.php?rest_route=%2Fwp%2Fv2%2Fcomments&post=9064"}],"version-history":[{"count":3,"href":"https:\/\/tacuarembo.gub.uy\/index.php?rest_route=\/wp\/v2\/posts\/9064\/revisions"}],"predecessor-version":[{"id":9103,"href":"https:\/\/tacuarembo.gub.uy\/index.php?rest_route=\/wp\/v2\/posts\/9064\/revisions\/9103"}],"wp:featuredmedia":[{"embeddable":true,"href":"https:\/\/tacuarembo.gub.uy\/index.php?rest_route=\/wp\/v2\/media\/9065"}],"wp:attachment":[{"href":"https:\/\/tacuarembo.gub.uy\/index.php?rest_route=%2Fwp%2Fv2%2Fmedia&parent=9064"}],"wp:term":[{"taxonomy":"category","embeddable":true,"href":"https:\/\/tacuarembo.gub.uy\/index.php?rest_route=%2Fwp%2Fv2%2Fcategories&post=9064"},{"taxonomy":"post_tag","embeddable":true,"href":"https:\/\/tacuarembo.gub.uy\/index.php?rest_route=%2Fwp%2Fv2%2Ftags&post=9064"}],"curies":[{"name":"wp","href":"https:\/\/api.w.org\/{rel}","templated":true}]}}