{"id":9042,"date":"2020-08-21T19:22:49","date_gmt":"2020-08-21T22:22:49","guid":{"rendered":"https:\/\/tacuarembo.gub.uy\/?p=9042"},"modified":"2020-08-21T19:22:49","modified_gmt":"2020-08-21T22:22:49","slug":"noche-de-la-nostalgia-diferente-en-este-2020","status":"publish","type":"post","link":"https:\/\/tacuarembo.gub.uy\/?p=9042","title":{"rendered":"Noche de la Nostalgia diferente en este 2020"},"content":{"rendered":"\n<p>El Comit\u00e9 Departamental de Emergencia hizo un llamado a la responsabilidad individual, a disfrutarla en casa de forma virtual, evitando aglomeraciones. Se inform\u00f3 que se mantiene la resoluci\u00f3n de prohibici\u00f3n de las fiestas privadas, se solicita seguir respetando las recomendaciones, distanciamiento social y exhorta a cumplir con el protocolo para locales comerciales autorizados. Con Polic\u00eda Nacional de Transito, Direcci\u00f3n de Tr\u00e1nsito y secci\u00f3n Espect\u00e1culos P\u00fablicos de la IDT, INAU y Direcci\u00f3n Departamental de Salud y la Jefatura de Polic\u00eda, se implementar\u00e1 un patrullaje general en la ciudad a los efectos de evitar aglomeraciones, inform\u00e1ndole a las personas sobre las resoluciones vigentes en tiempos de pandemia. NO se pueden realizar bailes y quien haga una fiesta clandestina incurrir\u00e1 en un delito de desacato y se est\u00e1 trabajando coordinado con Fiscal\u00eda, se\u00f1al\u00f3 el Jefe de Polic\u00eda, Com.Gral. Jhon Saravia.<\/p>\n\n\n\n<figure class=\"wp-block-image size-large\"><img loading=\"lazy\" decoding=\"async\" width=\"800\" height=\"420\" src=\"https:\/\/tacuarembo.gub.uy\/wp-content\/uploads\/09C99826-4423-4047-89D5-B2CD37CCAB9C-800x420.jpeg\" alt=\"\" class=\"wp-image-9043\"\/><\/figure>\n\n\n\n<figure class=\"wp-block-image size-large\"><img loading=\"lazy\" decoding=\"async\" width=\"800\" height=\"420\" src=\"https:\/\/tacuarembo.gub.uy\/wp-content\/uploads\/B2F91E14-A66A-41CE-AF9D-6763154C5DC2-1-800x420.jpeg\" alt=\"\" class=\"wp-image-9045\"\/><\/figure>\n\n\n\n<figure class=\"wp-block-image size-large\"><img loading=\"lazy\" decoding=\"async\" width=\"800\" height=\"420\" src=\"https:\/\/tacuarembo.gub.uy\/wp-content\/uploads\/E6FA4F77-89C5-43C1-918A-B686F9203955-800x420.jpeg\" alt=\"\" class=\"wp-image-9046\"\/><\/figure>\n","protected":false},"excerpt":{"rendered":"<p>El Comit\u00e9 Departamental de Emergencia hizo un llamado a la responsabilidad individual, a disfrutarla en casa de forma virtual, evitando aglomeraciones<\/p>\n","protected":false},"author":3,"featured_media":9046,"comment_status":"open","ping_status":"open","sticky":false,"template":"","format":"standard","meta":{"_eb_attr":"","footnotes":""},"categories":[16],"tags":[],"class_list":{"0":"post-9042","1":"post","2":"type-post","3":"status-publish","4":"format-standard","5":"has-post-thumbnail","7":"category-noticias"},"_links":{"self":[{"href":"https:\/\/tacuarembo.gub.uy\/index.php?rest_route=\/wp\/v2\/posts\/9042","targetHints":{"allow":["GET"]}}],"collection":[{"href":"https:\/\/tacuarembo.gub.uy\/index.php?rest_route=\/wp\/v2\/posts"}],"about":[{"href":"https:\/\/tacuarembo.gub.uy\/index.php?rest_route=\/wp\/v2\/types\/post"}],"author":[{"embeddable":true,"href":"https:\/\/tacuarembo.gub.uy\/index.php?rest_route=\/wp\/v2\/users\/3"}],"replies":[{"embeddable":true,"href":"https:\/\/tacuarembo.gub.uy\/index.php?rest_route=%2Fwp%2Fv2%2Fcomments&post=9042"}],"version-history":[{"count":1,"href":"https:\/\/tacuarembo.gub.uy\/index.php?rest_route=\/wp\/v2\/posts\/9042\/revisions"}],"predecessor-version":[{"id":9048,"href":"https:\/\/tacuarembo.gub.uy\/index.php?rest_route=\/wp\/v2\/posts\/9042\/revisions\/9048"}],"wp:featuredmedia":[{"embeddable":true,"href":"https:\/\/tacuarembo.gub.uy\/index.php?rest_route=\/wp\/v2\/media\/9046"}],"wp:attachment":[{"href":"https:\/\/tacuarembo.gub.uy\/index.php?rest_route=%2Fwp%2Fv2%2Fmedia&parent=9042"}],"wp:term":[{"taxonomy":"category","embeddable":true,"href":"https:\/\/tacuarembo.gub.uy\/index.php?rest_route=%2Fwp%2Fv2%2Fcategories&post=9042"},{"taxonomy":"post_tag","embeddable":true,"href":"https:\/\/tacuarembo.gub.uy\/index.php?rest_route=%2Fwp%2Fv2%2Ftags&post=9042"}],"curies":[{"name":"wp","href":"https:\/\/api.w.org\/{rel}","templated":true}]}}