{"id":8921,"date":"2020-08-12T18:47:56","date_gmt":"2020-08-12T21:47:56","guid":{"rendered":"https:\/\/tacuarembo.gub.uy\/?p=8921"},"modified":"2020-08-12T18:47:56","modified_gmt":"2020-08-12T21:47:56","slug":"capacitacion-para-emprendedores-culturales","status":"publish","type":"post","link":"https:\/\/tacuarembo.gub.uy\/?p=8921","title":{"rendered":"Capacitaci\u00f3n para emprendedores culturales"},"content":{"rendered":"\n<p>La Dir. Gral. de Educaci\u00f3n y Cultura informa que la Dir.Nal. de Cultura del MEC convoca a aquellos interesados en participar de capacitaci\u00f3n gratuita de emprendedores culturales para las industrias del territorio nacional, el cual ser\u00e1 gratuito en formato de capacitaci\u00f3n seminario taller, orientadas a la inserci\u00f3n en industrias o en mejora de los proyectos seleccionados, y adem\u00e1s, con la posibilidad de participar en el pr\u00f3ximo Mercado de Industrias Culturales y Creativas de Uruguay 2020, que se llevar\u00e1 a cabo del 20 al 22 de noviembre del presente a\u00f1o. Las instancias de formaci\u00f3n ser\u00e1n bajo modalidad virtual comenzando el pr\u00f3ximo 24 de agosto con una duraci\u00f3n de 6 semanas; podr\u00e1n participar: artistas, productores, representantes, emprendedores culturales y creativos mayores de 18 a\u00f1os; las bases e inscripciones se encuentran en Casa de la Cultura de 08:00 a 18:00, con un plazo de vencimiento al 21 de agosto de 2020 a las 17:00 horas.<\/p>\n","protected":false},"excerpt":{"rendered":"<p>La Dir. Gral. de Educaci\u00f3n y Cultura informa que la Dir.Nal. de Cultura del MEC convoca a aquellos interesados en participar de capacitaci\u00f3n gratuita de emprendedores culturales para las industrias del territorio nacional, el cual ser\u00e1 gratuito en formato de capacitaci\u00f3n seminario taller, orientadas a la inserci\u00f3n en industrias o en mejora de los proyectos seleccionados, y adem\u00e1s, con la posibilidad de participar en el pr\u00f3ximo Mercado de Industrias Culturales y Creativas de Uruguay 2020,<\/p>\n","protected":false},"author":3,"featured_media":8922,"comment_status":"open","ping_status":"open","sticky":false,"template":"","format":"standard","meta":{"_eb_attr":"","footnotes":""},"categories":[16],"tags":[],"class_list":{"0":"post-8921","1":"post","2":"type-post","3":"status-publish","4":"format-standard","5":"has-post-thumbnail","7":"category-noticias"},"_links":{"self":[{"href":"https:\/\/tacuarembo.gub.uy\/index.php?rest_route=\/wp\/v2\/posts\/8921","targetHints":{"allow":["GET"]}}],"collection":[{"href":"https:\/\/tacuarembo.gub.uy\/index.php?rest_route=\/wp\/v2\/posts"}],"about":[{"href":"https:\/\/tacuarembo.gub.uy\/index.php?rest_route=\/wp\/v2\/types\/post"}],"author":[{"embeddable":true,"href":"https:\/\/tacuarembo.gub.uy\/index.php?rest_route=\/wp\/v2\/users\/3"}],"replies":[{"embeddable":true,"href":"https:\/\/tacuarembo.gub.uy\/index.php?rest_route=%2Fwp%2Fv2%2Fcomments&post=8921"}],"version-history":[{"count":1,"href":"https:\/\/tacuarembo.gub.uy\/index.php?rest_route=\/wp\/v2\/posts\/8921\/revisions"}],"predecessor-version":[{"id":8923,"href":"https:\/\/tacuarembo.gub.uy\/index.php?rest_route=\/wp\/v2\/posts\/8921\/revisions\/8923"}],"wp:featuredmedia":[{"embeddable":true,"href":"https:\/\/tacuarembo.gub.uy\/index.php?rest_route=\/wp\/v2\/media\/8922"}],"wp:attachment":[{"href":"https:\/\/tacuarembo.gub.uy\/index.php?rest_route=%2Fwp%2Fv2%2Fmedia&parent=8921"}],"wp:term":[{"taxonomy":"category","embeddable":true,"href":"https:\/\/tacuarembo.gub.uy\/index.php?rest_route=%2Fwp%2Fv2%2Fcategories&post=8921"},{"taxonomy":"post_tag","embeddable":true,"href":"https:\/\/tacuarembo.gub.uy\/index.php?rest_route=%2Fwp%2Fv2%2Ftags&post=8921"}],"curies":[{"name":"wp","href":"https:\/\/api.w.org\/{rel}","templated":true}]}}