{"id":8918,"date":"2020-08-11T18:35:14","date_gmt":"2020-08-11T21:35:14","guid":{"rendered":"https:\/\/tacuarembo.gub.uy\/?p=8918"},"modified":"2020-08-11T18:35:14","modified_gmt":"2020-08-11T21:35:14","slug":"terminal-de-omnibus-recomendacion-especial","status":"publish","type":"post","link":"https:\/\/tacuarembo.gub.uy\/?p=8918","title":{"rendered":"Terminal de \u00d3mnibus, recomendaci\u00f3n especial"},"content":{"rendered":"\n<p><br>La Intendencia de Tacuaremb\u00f3 conjuntamente con el Comit\u00e9 Departamental de Emergencia, recuerda muy especialmente a todos los usuarios y funcionarios de las empresas en la Terminal de \u00d3mnibus \u201cCarlos Gardel\u201d, que es indispensable el uso responsable de tapabocas, nos encontramos en una situaci\u00f3n de concientizaci\u00f3n ante la presencia del Covid 19, te cuidas t\u00fa, nos cuidamos todos.<\/p>\n\n\n\n<p><\/p>\n","protected":false},"excerpt":{"rendered":"<p>La Intendencia de Tacuaremb\u00f3 conjuntamente con el Comit\u00e9 Departamental de Emergencia, recuerda muy especialmente a todos los usuarios y funcionarios de las empresas en la Terminal de \u00d3mnibus \u201cCarlos Gardel\u201d, que es indispensable el uso responsable de tapabocas, nos encontramos en una situaci\u00f3n de concientizaci\u00f3n ante la presencia del Covid 19, te cuidas t\u00fa, nos cuidamos todos.<\/p>\n","protected":false},"author":3,"featured_media":8919,"comment_status":"open","ping_status":"open","sticky":false,"template":"","format":"standard","meta":{"_eb_attr":"","footnotes":""},"categories":[16],"tags":[],"class_list":{"0":"post-8918","1":"post","2":"type-post","3":"status-publish","4":"format-standard","5":"has-post-thumbnail","7":"category-noticias"},"_links":{"self":[{"href":"https:\/\/tacuarembo.gub.uy\/index.php?rest_route=\/wp\/v2\/posts\/8918","targetHints":{"allow":["GET"]}}],"collection":[{"href":"https:\/\/tacuarembo.gub.uy\/index.php?rest_route=\/wp\/v2\/posts"}],"about":[{"href":"https:\/\/tacuarembo.gub.uy\/index.php?rest_route=\/wp\/v2\/types\/post"}],"author":[{"embeddable":true,"href":"https:\/\/tacuarembo.gub.uy\/index.php?rest_route=\/wp\/v2\/users\/3"}],"replies":[{"embeddable":true,"href":"https:\/\/tacuarembo.gub.uy\/index.php?rest_route=%2Fwp%2Fv2%2Fcomments&post=8918"}],"version-history":[{"count":1,"href":"https:\/\/tacuarembo.gub.uy\/index.php?rest_route=\/wp\/v2\/posts\/8918\/revisions"}],"predecessor-version":[{"id":8920,"href":"https:\/\/tacuarembo.gub.uy\/index.php?rest_route=\/wp\/v2\/posts\/8918\/revisions\/8920"}],"wp:featuredmedia":[{"embeddable":true,"href":"https:\/\/tacuarembo.gub.uy\/index.php?rest_route=\/wp\/v2\/media\/8919"}],"wp:attachment":[{"href":"https:\/\/tacuarembo.gub.uy\/index.php?rest_route=%2Fwp%2Fv2%2Fmedia&parent=8918"}],"wp:term":[{"taxonomy":"category","embeddable":true,"href":"https:\/\/tacuarembo.gub.uy\/index.php?rest_route=%2Fwp%2Fv2%2Fcategories&post=8918"},{"taxonomy":"post_tag","embeddable":true,"href":"https:\/\/tacuarembo.gub.uy\/index.php?rest_route=%2Fwp%2Fv2%2Ftags&post=8918"}],"curies":[{"name":"wp","href":"https:\/\/api.w.org\/{rel}","templated":true}]}}