{"id":8844,"date":"2020-08-06T17:49:59","date_gmt":"2020-08-06T20:49:59","guid":{"rendered":"https:\/\/tacuarembo.gub.uy\/?p=8844"},"modified":"2020-08-07T09:35:24","modified_gmt":"2020-08-07T12:35:24","slug":"a-un-ano-del-fallecimiento-de-sergio-teixeira-se-descubrio-un-retrato-en-el-municipio-de-san-gregorio","status":"publish","type":"post","link":"https:\/\/tacuarembo.gub.uy\/?p=8844","title":{"rendered":"A un a\u00f1o del Fallecimiento de Sergio Teixeira se descubri\u00f3 un retrato en el Municipio de San Gregorio"},"content":{"rendered":"\n<p>Con la presencia del Intendente Departamental Dr. Jos\u00e9 O. Men\u00e9ndez, la Alcalde Alina Lorenzo, el Presidente de la Junta Dptal. Gerardo Mautone y jerarqu\u00edas municipales, familiares y amigos se realiz\u00f3 un homenaje con mensajes recordando su trayectoria y perfil humano y se descubri\u00f3 un retrato, obra del artista Leonardo Gularte.<br>Reflejamos a continuaci\u00f3n un art\u00edculo del periodista Francisco Connio que refleja algunos aspectos de su vida y huella transitada en su San Gregorio de Polanco.<br>Se nos adelant\u00f3 Sergio Teixeira<br>Sergio Teixeira naci\u00f3 en San Gregorio y vivi\u00f3 una ni\u00f1ez como tantos otros gurises, con juegos inocentes y con diabluras de la barrita de amigos, donde la pelota era el rey del entretenimiento, donde las horas pasaban en la tranquilidad de la seguridad de otros tiempos.<br>Aprendi\u00f3 a moverse en la sociedad desde chico al paso de su padre, Juan Jos\u00e9, un hombre que le transfiri\u00f3 no solo esa pasi\u00f3n por los colores amarillos y negros sino por la gente de un barrio muy particular como el de Pe\u00f1arol, del que nunca se desprendi\u00f3 a\u00fan m\u00e1s all\u00e1 de su etapa de jugador o dirigente o de simple hincha carbonero.<br>Ese barrio de los \u201cde alpargatas\u201d, como el recurr\u00eda al mencionar a sus adherentes pol\u00edticos, esa gente que m\u00e1s all\u00e1 de la pasi\u00f3n pol\u00edtica lo ten\u00edan como un referente personal.<br>Aprendi\u00f3 desde muy chico, cuando la adolescencia le comenzaba a pintar la barba, a militar en pol\u00edtica, eligiendo el Parido Nacional, pero con valores adquiridos de un padre socialista, que le ense\u00f1\u00f3 como transitar en la vida, pero fundamentalmente como mediar o como defender su punto de vista ante cualquier circunstancia.<br>Posteriormente la pol\u00edtica fue el eje de su vida, m\u00e1s all\u00e1 de formar su familia con una hija de San Gregorio con la que tuvo dos hijas Nadia y Melissa, a las que les inculc\u00f3 esa pasi\u00f3n por la pol\u00edtica sin tener la certeza, de que definitivamente elegir\u00edan ese camino en un futuro. Se mostraba orgulloso, y lo hac\u00eda abiertamente cuando ellas ocuparon bancas en la Junta Departamental o en el propio Parlamento. Orgullo de padre por encima de las banderas pol\u00edticas.<br>Fue un hombre que defendi\u00f3 su terru\u00f1o desde donde le tocara estar, ya sea en cualquier actividad pol\u00edtica como en la vida misma. Nunca ocultaba ese amor por San Gregorio al que siempre quiso volver y terminar su etapa disfrutando de los nietos, sinti\u00e9ndose orgulloso por la familia que form\u00f3.<br>Fue Secretario de Junta de San Gregorio, edil, fue Secretario de la Junta Departamental de Tacuaremb\u00f3, integrante del Plan F\u00e9nix, como de otras tantas comisiones para diferentes temas.<br>Y fundamentalmente quedar\u00e1 en la historia de la ciudad como el primer Alcalde, siendo ratificado por segundo periodo por lo que la lectura indica que la gente, apost\u00f3 a una forma de conducci\u00f3n y confi\u00f3 plenamente en su capacidad de l\u00edder pol\u00edtico y quiz\u00e1s el \u00fanico, con ese perfil de \u201cCaudillo\u201d en nuestra localidad.<br>Confrontativo con quienes estaban en la otra vereda pol\u00edtica, siendo directo y muchas veces sin pelos en la lengua para marcar terreno. Eso lo hizo un enemigo dur\u00edsimo en la arena pol\u00edtica local, pero respetado al fin.<br>Un Polanque\u00f1o sincero, y de largas charlas, -al menos en nuestro caso-, donde le gustaba recordar sus logros, sobre todo sabiendo que del otro lado el micr\u00f3fono, el grabador lo reproducir\u00eda.<br>No escatimaba elogios incluso para sus enemigos pol\u00edticos siempre u cuando entend\u00eda que el beneficio era para el pueblo como por ejemplo los integrantes del Museo del Arte, de quien dec\u00eda que muchos de sus fundadores eran del Frente Amplio y sin embargo trabaj\u00f3 a la par con ellos siendo el promotor de la llegada de pintores de jerarqu\u00eda y con nombre para comenzar el Museo de Artes Pl\u00e1sticas a cielo abierto.<br>Un hombre que se embarc\u00f3 en un sinf\u00edn de proyectos, como por ejemplo la comunicaci\u00f3n siendo director de Radio Ibirapit\u00e1, as\u00ed como de otros tantos de diversa \u00edndole, culminando quiz\u00e1s con la obra de construcci\u00f3n m\u00e1s grande de San Gregorio en los \u00faltimos a\u00f1os, como el parque Lineal Costero con rambla, de la que se\u00f1alaba \u201cfue un sue\u00f1o desde la \u00e9poca de mi padre\u201d.<br>Se jactaba de ser un buen anfitri\u00f3n y de hecho recibi\u00f3 a dirigentes pol\u00edticos de todos los colores partidarios sin tener preferencias con alguno a excepci\u00f3n de aquellos con los que ten\u00eda obviamente cierta afinidad.<br>Y como \u201cobligaci\u00f3n moral\u201d deb\u00eda devolverles la visita a los espa\u00f1oles, para continuar el hermanamiento con la ciudad de Punta Umbr\u00eda, unidas ambas localidades por la Virgen del Carmen, patrona de ambas villas. Por eso este viaje con su se\u00f1ora a la madre patria donde tras un infarto dejar\u00eda de existir.<br>En esta \u00faltima d\u00e9cada, ya m\u00e1s dedicado a la pol\u00edtica local espec\u00edficamente, ocupando su cargo en el Municipio, reparti\u00f3 elogios y varias cr\u00edticas, quiz\u00e1s propias de quien ocupa un cargo tan trascendente como el de Alcalde de una ciudad.<br>Sin embargo, a\u00fan en aquellos que criticaron puntualmente su accionar hoy respetan en silencio el dolor de una familia, de un polanque\u00f1o, de un hijo de nuestra ciudad. Un hombre que sin dudas puso un moj\u00f3n, y marc\u00f3 una \u00e9poca trascendente en la historia de San Gregorio. QEPD.<br>Escribe: Francisco Connio<br>De San Gregorio Portal<\/p>\n\n\n\n<figure class=\"wp-block-image size-large\"><img loading=\"lazy\" decoding=\"async\" width=\"800\" height=\"420\" src=\"https:\/\/tacuarembo.gub.uy\/wp-content\/uploads\/AF8B1F3D-87F7-405C-B4E3-1DAE4BE54532-800x420.jpeg\" alt=\"\" class=\"wp-image-8845\"\/><\/figure>\n\n\n\n<figure class=\"wp-block-image size-large\"><img loading=\"lazy\" decoding=\"async\" width=\"800\" height=\"420\" src=\"https:\/\/tacuarembo.gub.uy\/wp-content\/uploads\/9580F15A-A0E7-4C3D-B350-FF55968A6C45-800x420.jpeg\" alt=\"\" class=\"wp-image-8846\"\/><\/figure>\n\n\n\n<figure class=\"wp-block-image size-large\"><img loading=\"lazy\" decoding=\"async\" width=\"800\" height=\"420\" src=\"https:\/\/tacuarembo.gub.uy\/wp-content\/uploads\/3E97D2F8-8838-4F0A-AC75-F077511E66E2-800x420.jpeg\" alt=\"\" class=\"wp-image-8847\"\/><\/figure>\n\n\n\n<figure class=\"wp-block-image size-large\"><img loading=\"lazy\" decoding=\"async\" width=\"800\" height=\"420\" src=\"https:\/\/tacuarembo.gub.uy\/wp-content\/uploads\/F2CDF21E-1EE8-4140-9881-02610271EE46-1-800x420.jpeg\" alt=\"\" class=\"wp-image-8849\"\/><\/figure>\n\n\n\n<figure class=\"wp-block-image size-large\"><img loading=\"lazy\" decoding=\"async\" width=\"800\" height=\"420\" src=\"https:\/\/tacuarembo.gub.uy\/wp-content\/uploads\/E6516022-5C7E-4575-A2D5-6AD4681436CC-800x420.jpeg\" alt=\"\" class=\"wp-image-8851\"\/><\/figure>\n\n\n\n<figure class=\"wp-block-image size-large\"><img loading=\"lazy\" decoding=\"async\" width=\"800\" height=\"420\" src=\"https:\/\/tacuarembo.gub.uy\/wp-content\/uploads\/E5616948-8E9F-4F8F-BD0C-57DE1CA07A77-800x420.jpeg\" alt=\"\" class=\"wp-image-8850\"\/><\/figure>\n\n\n\n<figure class=\"wp-block-image size-large\"><img loading=\"lazy\" decoding=\"async\" width=\"800\" height=\"420\" src=\"https:\/\/tacuarembo.gub.uy\/wp-content\/uploads\/93141602-3F9C-4337-A973-C7CA5B9EC3FB-800x420.jpeg\" alt=\"\" class=\"wp-image-8852\"\/><\/figure>\n\n\n\n<figure class=\"wp-block-image size-large\"><img loading=\"lazy\" decoding=\"async\" width=\"800\" height=\"420\" src=\"https:\/\/tacuarembo.gub.uy\/wp-content\/uploads\/9BC33C1F-B586-4D79-B400-937A065418DD-800x420.jpeg\" alt=\"\" class=\"wp-image-8853\"\/><\/figure>\n\n\n\n<figure class=\"wp-block-image size-large\"><img loading=\"lazy\" decoding=\"async\" width=\"800\" height=\"420\" src=\"https:\/\/tacuarembo.gub.uy\/wp-content\/uploads\/6E83E934-0CA7-4CF9-A5FA-1570BD3F59A2-800x420.jpeg\" alt=\"\" class=\"wp-image-8854\"\/><\/figure>\n\n\n\n<p><\/p>\n\n\n\n<iframe loading=\"lazy\" width=\"729\" height=\"410\" src=\"https:\/\/www.youtube.com\/embed\/scCcJWpVN_8\" frameborder=\"0\" allow=\"accelerometer; autoplay; encrypted-media; gyroscope; picture-in-picture\" allowfullscreen><\/iframe>\n","protected":false},"excerpt":{"rendered":"<p>Con la presencia del Intendente Departamental Dr. Jos\u00e9 O. Men\u00e9ndez, la Alcalde Alina Lorenzo, el Presidente de la Junta Dptal. Gerardo Mautone y jerarqu\u00edas municipales, familiares y amigos se realiz\u00f3 un homenaje con mensajes recordando su trayectoria y perfil humano y se descubri\u00f3 un retrato, obra del artista Leonardo Gularte<\/p>\n","protected":false},"author":3,"featured_media":8851,"comment_status":"open","ping_status":"open","sticky":false,"template":"","format":"standard","meta":{"_eb_attr":"","footnotes":""},"categories":[16],"tags":[],"class_list":{"0":"post-8844","1":"post","2":"type-post","3":"status-publish","4":"format-standard","5":"has-post-thumbnail","7":"category-noticias"},"_links":{"self":[{"href":"https:\/\/tacuarembo.gub.uy\/index.php?rest_route=\/wp\/v2\/posts\/8844","targetHints":{"allow":["GET"]}}],"collection":[{"href":"https:\/\/tacuarembo.gub.uy\/index.php?rest_route=\/wp\/v2\/posts"}],"about":[{"href":"https:\/\/tacuarembo.gub.uy\/index.php?rest_route=\/wp\/v2\/types\/post"}],"author":[{"embeddable":true,"href":"https:\/\/tacuarembo.gub.uy\/index.php?rest_route=\/wp\/v2\/users\/3"}],"replies":[{"embeddable":true,"href":"https:\/\/tacuarembo.gub.uy\/index.php?rest_route=%2Fwp%2Fv2%2Fcomments&post=8844"}],"version-history":[{"count":2,"href":"https:\/\/tacuarembo.gub.uy\/index.php?rest_route=\/wp\/v2\/posts\/8844\/revisions"}],"predecessor-version":[{"id":8861,"href":"https:\/\/tacuarembo.gub.uy\/index.php?rest_route=\/wp\/v2\/posts\/8844\/revisions\/8861"}],"wp:featuredmedia":[{"embeddable":true,"href":"https:\/\/tacuarembo.gub.uy\/index.php?rest_route=\/wp\/v2\/media\/8851"}],"wp:attachment":[{"href":"https:\/\/tacuarembo.gub.uy\/index.php?rest_route=%2Fwp%2Fv2%2Fmedia&parent=8844"}],"wp:term":[{"taxonomy":"category","embeddable":true,"href":"https:\/\/tacuarembo.gub.uy\/index.php?rest_route=%2Fwp%2Fv2%2Fcategories&post=8844"},{"taxonomy":"post_tag","embeddable":true,"href":"https:\/\/tacuarembo.gub.uy\/index.php?rest_route=%2Fwp%2Fv2%2Ftags&post=8844"}],"curies":[{"name":"wp","href":"https:\/\/api.w.org\/{rel}","templated":true}]}}