{"id":8546,"date":"2020-07-07T15:42:21","date_gmt":"2020-07-07T18:42:21","guid":{"rendered":"https:\/\/tacuarembo.gub.uy\/?p=8546"},"modified":"2020-07-07T15:42:21","modified_gmt":"2020-07-07T18:42:21","slug":"concurso-juvenil-tomas-de-mattos","status":"publish","type":"post","link":"https:\/\/tacuarembo.gub.uy\/?p=8546","title":{"rendered":"Concurso juvenil \u201cTom\u00e1s de Mattos\u201d"},"content":{"rendered":"\n<p>La Intendencia de Tacuaremb\u00f3, a trav\u00e9s de la Dir. de Juventud, en el d\u00eda de hoy realiz\u00f3 el lanzamiento de la 5\u00aa. Edici\u00f3n del Concurso Literario Juvenil \u201cTom\u00e1s de Mattos\u201d, g\u00e9nero narrativo y l\u00edrico, dirigido a edades entre 14 y 29 a\u00f1os; todos aquellos interesados deben concurrir a la oficina ubicada en el local 003 de Galer\u00eda Catedral para inscribirse, cerrando el plazo 7 de setiembre de 2020.<\/p>\n\n\n\n<figure class=\"wp-block-image size-full\"><img loading=\"lazy\" decoding=\"async\" width=\"1143\" height=\"1600\" src=\"https:\/\/tacuarembo.gub.uy\/wp-content\/uploads\/WhatsApp-Image-2020-07-07-at-15.08.10.jpeg\" alt=\"\" class=\"wp-image-8547\" srcset=\"https:\/\/tacuarembo.gub.uy\/wp-content\/uploads\/WhatsApp-Image-2020-07-07-at-15.08.10.jpeg 1143w, https:\/\/tacuarembo.gub.uy\/wp-content\/uploads\/WhatsApp-Image-2020-07-07-at-15.08.10-768x1075.jpeg 768w, https:\/\/tacuarembo.gub.uy\/wp-content\/uploads\/WhatsApp-Image-2020-07-07-at-15.08.10-1097x1536.jpeg 1097w\" sizes=\"auto, (max-width: 1143px) 100vw, 1143px\" \/><\/figure>\n\n\n<p><a href=\"https:\/\/tacuarembo.gub.uy\/wp-content\/uploads\/BASES-2020.doc\"><strong>BASES 2020<\/strong><\/a><\/p>","protected":false},"excerpt":{"rendered":"<p>La Intendencia de Tacuaremb\u00f3, a trav\u00e9s de la Dir. de Juventud, en el d\u00eda de hoy realiz\u00f3 el lanzamiento de la 5\u00aa. Edici\u00f3n del Concurso Literario Juvenil \u201cTom\u00e1s de Mattos\u201d<\/p>\n","protected":false},"author":3,"featured_media":8547,"comment_status":"open","ping_status":"open","sticky":false,"template":"","format":"standard","meta":{"_eb_attr":"","footnotes":""},"categories":[16],"tags":[],"class_list":{"0":"post-8546","1":"post","2":"type-post","3":"status-publish","4":"format-standard","5":"has-post-thumbnail","7":"category-noticias"},"_links":{"self":[{"href":"https:\/\/tacuarembo.gub.uy\/index.php?rest_route=\/wp\/v2\/posts\/8546","targetHints":{"allow":["GET"]}}],"collection":[{"href":"https:\/\/tacuarembo.gub.uy\/index.php?rest_route=\/wp\/v2\/posts"}],"about":[{"href":"https:\/\/tacuarembo.gub.uy\/index.php?rest_route=\/wp\/v2\/types\/post"}],"author":[{"embeddable":true,"href":"https:\/\/tacuarembo.gub.uy\/index.php?rest_route=\/wp\/v2\/users\/3"}],"replies":[{"embeddable":true,"href":"https:\/\/tacuarembo.gub.uy\/index.php?rest_route=%2Fwp%2Fv2%2Fcomments&post=8546"}],"version-history":[{"count":1,"href":"https:\/\/tacuarembo.gub.uy\/index.php?rest_route=\/wp\/v2\/posts\/8546\/revisions"}],"predecessor-version":[{"id":8549,"href":"https:\/\/tacuarembo.gub.uy\/index.php?rest_route=\/wp\/v2\/posts\/8546\/revisions\/8549"}],"wp:featuredmedia":[{"embeddable":true,"href":"https:\/\/tacuarembo.gub.uy\/index.php?rest_route=\/wp\/v2\/media\/8547"}],"wp:attachment":[{"href":"https:\/\/tacuarembo.gub.uy\/index.php?rest_route=%2Fwp%2Fv2%2Fmedia&parent=8546"}],"wp:term":[{"taxonomy":"category","embeddable":true,"href":"https:\/\/tacuarembo.gub.uy\/index.php?rest_route=%2Fwp%2Fv2%2Fcategories&post=8546"},{"taxonomy":"post_tag","embeddable":true,"href":"https:\/\/tacuarembo.gub.uy\/index.php?rest_route=%2Fwp%2Fv2%2Ftags&post=8546"}],"curies":[{"name":"wp","href":"https:\/\/api.w.org\/{rel}","templated":true}]}}