{"id":8492,"date":"2020-07-02T16:38:47","date_gmt":"2020-07-02T19:38:47","guid":{"rendered":"https:\/\/tacuarembo.gub.uy\/?p=8492"},"modified":"2020-07-02T16:38:47","modified_gmt":"2020-07-02T19:38:47","slug":"capacitacion-en-area-de-construccion","status":"publish","type":"post","link":"https:\/\/tacuarembo.gub.uy\/?p=8492","title":{"rendered":"Capacitaci\u00f3n en \u00e1rea de construcci\u00f3n"},"content":{"rendered":"\n<p>La Intendencia de Tacuaremb\u00f3, a trav\u00e9s de Prodema Sur, capacitar\u00e1 a m\u00e1s de 70 personas, gratuitamente, en modernas t\u00e9cnicas de construcci\u00f3n respondiendo en el momento a la presente demanda de UPM 2 en la regi\u00f3n centro del pa\u00eds. Dicha capacitaci\u00f3n, la que ser\u00e1 dirigida a tres tipos de construcci\u00f3n no tradicional, comenzar\u00e1 en la primera quincena de julio, d\u00e1ndole as\u00ed la oportunidad a los interesados del lugar poder lograr una preparaci\u00f3n que les permita acceder a propuestas laborales. Por su parte el Batall\u00f3n \u201cCharr\u00faa\u201d de Ingenieros de Combate N\u00b0 3 brindar\u00e1n el local y toda la log\u00edstica para las estructuras y desarrollo de los planos con utilizaci\u00f3n de isopaneles. Los interesados deber\u00e1n concurrir a registrarse en la oficina ubicada en calle Wilson Ferreira N\u00b0 453 de Paso de los Toros.<\/p>\n","protected":false},"excerpt":{"rendered":"<p>La Intendencia de Tacuaremb\u00f3, a trav\u00e9s de Prodema Sur, capacitar\u00e1 a m\u00e1s de 70 personas, gratuitamente, en modernas t\u00e9cnicas de construcci\u00f3n respondiendo en el momento a la presente demanda de UPM 2 en la regi\u00f3n centro del pa\u00eds.<\/p>\n","protected":false},"author":3,"featured_media":8493,"comment_status":"open","ping_status":"open","sticky":false,"template":"","format":"standard","meta":{"_eb_attr":"","footnotes":""},"categories":[16],"tags":[],"class_list":{"0":"post-8492","1":"post","2":"type-post","3":"status-publish","4":"format-standard","5":"has-post-thumbnail","7":"category-noticias"},"_links":{"self":[{"href":"https:\/\/tacuarembo.gub.uy\/index.php?rest_route=\/wp\/v2\/posts\/8492","targetHints":{"allow":["GET"]}}],"collection":[{"href":"https:\/\/tacuarembo.gub.uy\/index.php?rest_route=\/wp\/v2\/posts"}],"about":[{"href":"https:\/\/tacuarembo.gub.uy\/index.php?rest_route=\/wp\/v2\/types\/post"}],"author":[{"embeddable":true,"href":"https:\/\/tacuarembo.gub.uy\/index.php?rest_route=\/wp\/v2\/users\/3"}],"replies":[{"embeddable":true,"href":"https:\/\/tacuarembo.gub.uy\/index.php?rest_route=%2Fwp%2Fv2%2Fcomments&post=8492"}],"version-history":[{"count":1,"href":"https:\/\/tacuarembo.gub.uy\/index.php?rest_route=\/wp\/v2\/posts\/8492\/revisions"}],"predecessor-version":[{"id":8494,"href":"https:\/\/tacuarembo.gub.uy\/index.php?rest_route=\/wp\/v2\/posts\/8492\/revisions\/8494"}],"wp:featuredmedia":[{"embeddable":true,"href":"https:\/\/tacuarembo.gub.uy\/index.php?rest_route=\/wp\/v2\/media\/8493"}],"wp:attachment":[{"href":"https:\/\/tacuarembo.gub.uy\/index.php?rest_route=%2Fwp%2Fv2%2Fmedia&parent=8492"}],"wp:term":[{"taxonomy":"category","embeddable":true,"href":"https:\/\/tacuarembo.gub.uy\/index.php?rest_route=%2Fwp%2Fv2%2Fcategories&post=8492"},{"taxonomy":"post_tag","embeddable":true,"href":"https:\/\/tacuarembo.gub.uy\/index.php?rest_route=%2Fwp%2Fv2%2Ftags&post=8492"}],"curies":[{"name":"wp","href":"https:\/\/api.w.org\/{rel}","templated":true}]}}