{"id":8452,"date":"2020-06-30T15:22:03","date_gmt":"2020-06-30T18:22:03","guid":{"rendered":"https:\/\/tacuarembo.gub.uy\/?p=8452"},"modified":"2020-06-30T15:22:03","modified_gmt":"2020-06-30T18:22:03","slug":"el-toque-virtual-una-mano-tendida-de-la-intendencia-hacia-nuestros-musicos-asociados","status":"publish","type":"post","link":"https:\/\/tacuarembo.gub.uy\/?p=8452","title":{"rendered":"El Toque Virtual \u201cUna mano tendida de la Intendencia hacia nuestros m\u00fasicos asociados\u201d"},"content":{"rendered":"\n<p>La Intendencia de Tacuaremb\u00f3 viene impulsando por iniciativa del Intendente Departamental Dr. Jos\u00e9 O. Men\u00e9ndez, un ciclo de m\u00fasica en vivo desde la Sala Brocco en conjunto con los m\u00fasicos asociados del departamento entre ellos de Audem y Mutac y las Direcciones de Cultura y Prensa \u2013 RRPP. La n\u00f3mina art\u00edstica incluye variados g\u00e9neros y semanalmente los viernes a la noche de forma virtual sobre las 21 horas, van presentando sus espect\u00e1culos a 4 c\u00e1maras con un despliegue esc\u00e9nico coordinado por la IDT. Hasta el momento se han presentado con un gran suceso con miles de personas alcanzadas, reacciones y reproducciones Yeyo Show, Felipe Barboza, Romina S\u00e1nchez, Burbujas con Nelson Pintado, Nelson Gaite y Grupo Leales. A\u00fan faltan presentarse artistas como Gemelos, Sue\u00f1os, Ra\u00fal Rodal, Gerardo Pedrozo, Gustavo Valiente, K\u00e1bala y Raissa Barrios entre otros exponentes de la movida musical Tacuaremboense que vamos a ir descubriendo. La repercusi\u00f3n ha sido muy positiva y ha llevado a que diferentes medios de comunicaci\u00f3n se sumen emitiendo los espect\u00e1culos en sus programaciones, son m\u00e1s de 11 radios m\u00e1s los canales de televisi\u00f3n del departamento, lo que permite una mayor visibilidad del trabajo de nuestros artistas que vienen transitando esta nueva normalidad y cumpliendo con el protocolo establecido en esta batalla contra el Covid 19.<\/p>\n\n\n\n<iframe loading=\"lazy\" width=\"729\" height=\"410\" src=\"https:\/\/www.youtube.com\/embed\/F0Z4CnzZOko\" frameborder=\"0\" allow=\"accelerometer; autoplay; encrypted-media; gyroscope; picture-in-picture\" allowfullscreen><\/iframe>\n\n<iframe loading=\"lazy\" width=\"729\" height=\"410\" src=\"https:\/\/www.youtube.com\/embed\/RQGxG_3gmxM\" frameborder=\"0\" allow=\"accelerometer; autoplay; encrypted-media; gyroscope; picture-in-picture\" allowfullscreen><\/iframe>\n\n<iframe loading=\"lazy\" width=\"729\" height=\"410\" src=\"https:\/\/www.youtube.com\/embed\/zO0TfrCh5mQ\" frameborder=\"0\" allow=\"accelerometer; autoplay; encrypted-media; gyroscope; picture-in-picture\" allowfullscreen><\/iframe>\n\n<iframe loading=\"lazy\" width=\"729\" height=\"410\" src=\"https:\/\/www.youtube.com\/embed\/y6-lPthpeuQ\" frameborder=\"0\" allow=\"accelerometer; autoplay; encrypted-media; gyroscope; picture-in-picture\" allowfullscreen><\/iframe>\n\n<iframe loading=\"lazy\" width=\"729\" height=\"410\" src=\"https:\/\/www.youtube.com\/embed\/E_eKG7v15Ww\" frameborder=\"0\" allow=\"accelerometer; autoplay; encrypted-media; gyroscope; picture-in-picture\" allowfullscreen><\/iframe>\n\n<iframe loading=\"lazy\" width=\"729\" height=\"410\" src=\"https:\/\/www.youtube.com\/embed\/XMEotuvcHRk\" frameborder=\"0\" allow=\"accelerometer; autoplay; encrypted-media; gyroscope; picture-in-picture\" allowfullscreen><\/iframe>\n","protected":false},"excerpt":{"rendered":"<p>La Intendencia de Tacuaremb\u00f3 viene impulsando por iniciativa del Intendente Departamental Dr. Jos\u00e9 O. Men\u00e9ndez, un ciclo de m\u00fasica en vivo desde la Sala Brocco en conjunto con los m\u00fasicos asociados del departamento entre ellos de Audem y Mutac y las Direcciones de Cultura y Prensa \u2013 RRPP.<\/p>\n","protected":false},"author":3,"featured_media":8453,"comment_status":"open","ping_status":"open","sticky":false,"template":"","format":"standard","meta":{"_eb_attr":"","footnotes":""},"categories":[16],"tags":[],"class_list":{"0":"post-8452","1":"post","2":"type-post","3":"status-publish","4":"format-standard","5":"has-post-thumbnail","7":"category-noticias"},"_links":{"self":[{"href":"https:\/\/tacuarembo.gub.uy\/index.php?rest_route=\/wp\/v2\/posts\/8452","targetHints":{"allow":["GET"]}}],"collection":[{"href":"https:\/\/tacuarembo.gub.uy\/index.php?rest_route=\/wp\/v2\/posts"}],"about":[{"href":"https:\/\/tacuarembo.gub.uy\/index.php?rest_route=\/wp\/v2\/types\/post"}],"author":[{"embeddable":true,"href":"https:\/\/tacuarembo.gub.uy\/index.php?rest_route=\/wp\/v2\/users\/3"}],"replies":[{"embeddable":true,"href":"https:\/\/tacuarembo.gub.uy\/index.php?rest_route=%2Fwp%2Fv2%2Fcomments&post=8452"}],"version-history":[{"count":1,"href":"https:\/\/tacuarembo.gub.uy\/index.php?rest_route=\/wp\/v2\/posts\/8452\/revisions"}],"predecessor-version":[{"id":8454,"href":"https:\/\/tacuarembo.gub.uy\/index.php?rest_route=\/wp\/v2\/posts\/8452\/revisions\/8454"}],"wp:featuredmedia":[{"embeddable":true,"href":"https:\/\/tacuarembo.gub.uy\/index.php?rest_route=\/wp\/v2\/media\/8453"}],"wp:attachment":[{"href":"https:\/\/tacuarembo.gub.uy\/index.php?rest_route=%2Fwp%2Fv2%2Fmedia&parent=8452"}],"wp:term":[{"taxonomy":"category","embeddable":true,"href":"https:\/\/tacuarembo.gub.uy\/index.php?rest_route=%2Fwp%2Fv2%2Fcategories&post=8452"},{"taxonomy":"post_tag","embeddable":true,"href":"https:\/\/tacuarembo.gub.uy\/index.php?rest_route=%2Fwp%2Fv2%2Ftags&post=8452"}],"curies":[{"name":"wp","href":"https:\/\/api.w.org\/{rel}","templated":true}]}}