{"id":8406,"date":"2020-06-25T17:01:50","date_gmt":"2020-06-25T20:01:50","guid":{"rendered":"https:\/\/tacuarembo.gub.uy\/?p=8406"},"modified":"2020-06-26T08:59:15","modified_gmt":"2020-06-26T11:59:15","slug":"en-el-resorte-se-homenajeo-a-gardel","status":"publish","type":"post","link":"https:\/\/tacuarembo.gub.uy\/?p=8406","title":{"rendered":"En el Resorte se homenaje\u00f3 a Gardel"},"content":{"rendered":"\n<p>La Intendencia de Tacuaremb\u00f3 propuso una gala virtual de boliche para rendirle homenaje al m\u00e1ximo exponente del genero Tango, el Tacuaremboense Inmortal, Carlos Gardel. Con la articulaci\u00f3n de la Direcci\u00f3n de Cultura se implement\u00f3 por iniciativa del Intendente Dr. Jos\u00e9 O. Men\u00e9ndez un espect\u00e1culo que fue emitido por el Facebook Oficial de la Intendencia, una p\u00e1gina Tacuaremb\u00f3 en Vivo, Canal de YouTube, Canal 4 y Radio Zorrilla de San Martin, Radio Tacuaremb\u00f3 y que estar\u00e1 en la programaci\u00f3n de 11 medios de comunicaci\u00f3n del departamento. Con la parrilla Domingo Pietrafesa encendida y el anfitri\u00f3n Suarez cantando alg\u00fan tango mientras se transformaba el lugar en un estudio de televisi\u00f3n nos fuimos metiendo de lleno en el recordatorio al mago que tuvo el canto de Felipe Barboza y su banda, Tito y Cristina y bailarines de la Casa de la Cultura.<\/p>\n\n\n\n<figure class=\"wp-block-image size-large\"><img loading=\"lazy\" decoding=\"async\" width=\"800\" height=\"420\" src=\"https:\/\/tacuarembo.gub.uy\/wp-content\/uploads\/WhatsApp-Image-2020-06-25-at-16.18.211-1-800x420.jpeg\" alt=\"\" class=\"wp-image-8408\"\/><\/figure>\n\n\n\n<figure class=\"wp-block-image size-large\"><img loading=\"lazy\" decoding=\"async\" width=\"800\" height=\"420\" src=\"https:\/\/tacuarembo.gub.uy\/wp-content\/uploads\/WhatsApp-Image-2020-06-25-at-16.18.212-800x420.jpeg\" alt=\"\" class=\"wp-image-8409\"\/><\/figure>\n\n\n\n<figure class=\"wp-block-image size-large\"><img loading=\"lazy\" decoding=\"async\" width=\"800\" height=\"420\" src=\"https:\/\/tacuarembo.gub.uy\/wp-content\/uploads\/WhatsApp-Image-2020-06-25-at-16.18.21-800x420.jpeg\" alt=\"\" class=\"wp-image-8413\"\/><\/figure>\n\n\n\n<figure class=\"wp-block-image size-large\"><img loading=\"lazy\" decoding=\"async\" width=\"800\" height=\"420\" src=\"https:\/\/tacuarembo.gub.uy\/wp-content\/uploads\/WhatsApp-Image-2020-06-25-at-16.18.221-800x420.jpeg\" alt=\"\" class=\"wp-image-8411\"\/><\/figure>\n\n\n\n<figure class=\"wp-block-image size-large\"><img loading=\"lazy\" decoding=\"async\" width=\"800\" height=\"420\" src=\"https:\/\/tacuarembo.gub.uy\/wp-content\/uploads\/WhatsApp-Image-2020-06-25-at-16.18.222-800x420.jpeg\" alt=\"\" class=\"wp-image-8412\"\/><\/figure>\n\n\n\n<figure class=\"wp-block-image size-large\"><img loading=\"lazy\" decoding=\"async\" width=\"800\" height=\"420\" src=\"https:\/\/tacuarembo.gub.uy\/wp-content\/uploads\/WhatsApp-Image-2020-06-25-at-16.18.22-800x420.jpeg\" alt=\"\" class=\"wp-image-8410\"\/><\/figure>\n\n\n\n<iframe loading=\"lazy\" src=\"https:\/\/www.facebook.com\/plugins\/video.php?href=https%3A%2F%2Fwww.facebook.com%2F1542852626029966%2Fvideos%2F725378188250793%2F&amp;show_text=0&amp;width=560\" style=\"border:none;overflow:hidden\" scrolling=\"no\" allowtransparency=\"true\" allowfullscreen=\"true\" width=\"560\" height=\"315\" frameborder=\"0\"><\/iframe>\n","protected":false},"excerpt":{"rendered":"<p>La Intendencia de Tacuaremb\u00f3 propuso una gala virtual de boliche para rendirle homenaje al m\u00e1ximo exponente del genero Tango, el Tacuaremboense Inmortal, Carlos Gardel.<\/p>\n","protected":false},"author":3,"featured_media":8412,"comment_status":"open","ping_status":"open","sticky":false,"template":"","format":"standard","meta":{"_eb_attr":"","footnotes":""},"categories":[18,16],"tags":[],"class_list":{"0":"post-8406","1":"post","2":"type-post","3":"status-publish","4":"format-standard","5":"has-post-thumbnail","7":"category-cultura","8":"category-noticias"},"_links":{"self":[{"href":"https:\/\/tacuarembo.gub.uy\/index.php?rest_route=\/wp\/v2\/posts\/8406","targetHints":{"allow":["GET"]}}],"collection":[{"href":"https:\/\/tacuarembo.gub.uy\/index.php?rest_route=\/wp\/v2\/posts"}],"about":[{"href":"https:\/\/tacuarembo.gub.uy\/index.php?rest_route=\/wp\/v2\/types\/post"}],"author":[{"embeddable":true,"href":"https:\/\/tacuarembo.gub.uy\/index.php?rest_route=\/wp\/v2\/users\/3"}],"replies":[{"embeddable":true,"href":"https:\/\/tacuarembo.gub.uy\/index.php?rest_route=%2Fwp%2Fv2%2Fcomments&post=8406"}],"version-history":[{"count":3,"href":"https:\/\/tacuarembo.gub.uy\/index.php?rest_route=\/wp\/v2\/posts\/8406\/revisions"}],"predecessor-version":[{"id":8427,"href":"https:\/\/tacuarembo.gub.uy\/index.php?rest_route=\/wp\/v2\/posts\/8406\/revisions\/8427"}],"wp:featuredmedia":[{"embeddable":true,"href":"https:\/\/tacuarembo.gub.uy\/index.php?rest_route=\/wp\/v2\/media\/8412"}],"wp:attachment":[{"href":"https:\/\/tacuarembo.gub.uy\/index.php?rest_route=%2Fwp%2Fv2%2Fmedia&parent=8406"}],"wp:term":[{"taxonomy":"category","embeddable":true,"href":"https:\/\/tacuarembo.gub.uy\/index.php?rest_route=%2Fwp%2Fv2%2Fcategories&post=8406"},{"taxonomy":"post_tag","embeddable":true,"href":"https:\/\/tacuarembo.gub.uy\/index.php?rest_route=%2Fwp%2Fv2%2Ftags&post=8406"}],"curies":[{"name":"wp","href":"https:\/\/api.w.org\/{rel}","templated":true}]}}