{"id":8402,"date":"2020-06-25T16:59:06","date_gmt":"2020-06-25T19:59:06","guid":{"rendered":"https:\/\/tacuarembo.gub.uy\/?p=8402"},"modified":"2020-07-31T19:23:40","modified_gmt":"2020-07-31T22:23:40","slug":"homenajes-virtuales-a-85-anos-de-la-muerte-de-carlos-gardel","status":"publish","type":"post","link":"https:\/\/tacuarembo.gub.uy\/?p=8402","title":{"rendered":"Homenajes virtuales a 85 a\u00f1os de la muerte de Carlos Gardel"},"content":{"rendered":"\n<p>La Ruta de Gardel, es una recopilaci\u00f3n de materiales (Algunos in\u00e9ditos) que nos llevan al recuerdo y la vigencia del m\u00e1s grande cantor de Tangos, Carlos Gardel. Nacimiento de un Mito. La Intendencia de Tacuaremb\u00f3 implement\u00f3 en este a\u00f1o 2020 y siguiendo los protocolos establecidos ante la emergencia sanitaria una serie de homenajes virtuales para recordar y valorar la obra y el talento del Tacuaremboense Inmortal. Se cumplieron 85 a\u00f1os del fallecimiento del Zorzal Criollo en Medell\u00edn. Una ley de mayo de 1996 establece que cada 24 de junio es el \u201cD\u00eda de Carlos Gardel\u201d y que los actos centrales deben realizarse en Tacuaremb\u00f3, es as\u00ed que el Intendente Departamental Dr. Jos\u00e9 O. Men\u00e9ndez dispuso que el Museo en Valle Ed\u00e9n fuera el centro de actividades virtuales, utilizando las nuevas tecnolog\u00edas con una emisi\u00f3n en directo v\u00eda Facebook, canal de YouTube y una cantidad importante de medios de comunicaci\u00f3n que en sus programaciones se sumaron. La Direcci\u00f3n General de Educaci\u00f3n y Cultura dirigida por el Dr. Carlos Arezo impulso las articulaciones y se cont\u00f3 con la magistral producci\u00f3n y presentaci\u00f3n del Prof. Milton Santana de diferentes exponentes de la cultura tanguera de nuestro pa\u00eds y hermanados con Colombia que fueron dando testimonio y aportando informaci\u00f3n relevante, transform\u00e1ndose en un material de clave documental y de referencia a tener en cuenta con los a\u00f1os. Participaron los investigadores, Martina I\u00f1iguez desde Buenos Aires, Marcelo Mart\u00ednez hizo su aporte desde Madrid, Mauricio Uma\u00f1a (Miami), el cineasta Carlos Palau (Cali), los periodistas, Laura Bedoya y Hugo Mach\u00edn (Medell\u00edn \u2013 Colombia). Participaron tambi\u00e9n los cantores Gabriela Regueiro, Claudia de Le\u00f3n, Gast\u00f3n Trucido, tambi\u00e9n Carmen Usuga y David Guti\u00e9rrez (Medell\u00edn), desde Argentina Hern\u00e1n Frisseda, adem\u00e1s del periodista y escritor uruguayo Ignacio Suarez, cabe agregar que interactuaron los bailarines, Adriana Eneb\u00fa, Jorge Galati, Pablo Castro, el Presidente de Joventango, Jean Pierre Rubinstein junto con el Presidente de Futango, Mauro Ram\u00edrez y Martin Borteiro del Programa Viv\u00ed Tango de la Intendencia de Montevideo. Reiteramos que la conducci\u00f3n de este Homenaje desde el Valle Ed\u00e9n en esta Ruta de Gardel, estuvo a cargo de Milton Santana de la Casa de la Cultura, con una realizaci\u00f3n de la Direcci\u00f3n de Prensa y Relaciones P\u00fablicas de la Intendencia de Tacuaremb\u00f3 con todo su equipo t\u00e9cnico y la edici\u00f3n de Fernando N\u00fa\u00f1ez Mecol. Carlos Gardel re\u00fane a los Tacuaremboenses y a la familia tanguera quienes recuerdan al cantante, compositor y actor, m\u00e1ximo exponente del tango canci\u00f3n de idolatr\u00eda popular en Am\u00e9rica sobre todo en Argentina y Uruguay y m\u00e1s en un a\u00f1o d\u00f3nde se cumplen 100 a\u00f1os del documento en el que el artista reconoce su identidad como hijo de esta tierra.<\/p>\n\n\n\n<iframe loading=\"lazy\" src=\"https:\/\/www.youtube.com\/embed\/2QQBzup9WaI\" allow=\"accelerometer; autoplay; encrypted-media; gyroscope; picture-in-picture\" allowfullscreen=\"\" width=\"729\" height=\"410\" frameborder=\"0\"><\/iframe>\n\n\n","protected":false},"excerpt":{"rendered":"<p>La Ruta de Gardel, es una recopilaci\u00f3n de materiales (Algunos in\u00e9ditos) que nos llevan al recuerdo y la vigencia del m\u00e1s grande cantor de Tangos, Carlos Gardel. Nacimiento de un Mito. <\/p>\n","protected":false},"author":3,"featured_media":8403,"comment_status":"open","ping_status":"open","sticky":false,"template":"","format":"standard","meta":{"_eb_attr":"","footnotes":""},"categories":[16],"tags":[],"class_list":{"0":"post-8402","1":"post","2":"type-post","3":"status-publish","4":"format-standard","5":"has-post-thumbnail","7":"category-noticias"},"_links":{"self":[{"href":"https:\/\/tacuarembo.gub.uy\/index.php?rest_route=\/wp\/v2\/posts\/8402","targetHints":{"allow":["GET"]}}],"collection":[{"href":"https:\/\/tacuarembo.gub.uy\/index.php?rest_route=\/wp\/v2\/posts"}],"about":[{"href":"https:\/\/tacuarembo.gub.uy\/index.php?rest_route=\/wp\/v2\/types\/post"}],"author":[{"embeddable":true,"href":"https:\/\/tacuarembo.gub.uy\/index.php?rest_route=\/wp\/v2\/users\/3"}],"replies":[{"embeddable":true,"href":"https:\/\/tacuarembo.gub.uy\/index.php?rest_route=%2Fwp%2Fv2%2Fcomments&post=8402"}],"version-history":[{"count":3,"href":"https:\/\/tacuarembo.gub.uy\/index.php?rest_route=\/wp\/v2\/posts\/8402\/revisions"}],"predecessor-version":[{"id":8425,"href":"https:\/\/tacuarembo.gub.uy\/index.php?rest_route=\/wp\/v2\/posts\/8402\/revisions\/8425"}],"wp:featuredmedia":[{"embeddable":true,"href":"https:\/\/tacuarembo.gub.uy\/index.php?rest_route=\/wp\/v2\/media\/8403"}],"wp:attachment":[{"href":"https:\/\/tacuarembo.gub.uy\/index.php?rest_route=%2Fwp%2Fv2%2Fmedia&parent=8402"}],"wp:term":[{"taxonomy":"category","embeddable":true,"href":"https:\/\/tacuarembo.gub.uy\/index.php?rest_route=%2Fwp%2Fv2%2Fcategories&post=8402"},{"taxonomy":"post_tag","embeddable":true,"href":"https:\/\/tacuarembo.gub.uy\/index.php?rest_route=%2Fwp%2Fv2%2Ftags&post=8402"}],"curies":[{"name":"wp","href":"https:\/\/api.w.org\/{rel}","templated":true}]}}