{"id":8399,"date":"2020-06-23T22:58:00","date_gmt":"2020-06-24T01:58:00","guid":{"rendered":"https:\/\/tacuarembo.gub.uy\/?p=8399"},"modified":"2020-06-24T11:02:12","modified_gmt":"2020-06-24T14:02:12","slug":"la-intendencia-procedio-a-ceder-en-comodato-un-predio-a-la-anep-destinado-a-la-escuela-de-villa-ansina","status":"publish","type":"post","link":"https:\/\/tacuarembo.gub.uy\/?p=8399","title":{"rendered":"La Intendencia procedi\u00f3 a ceder en comodato un predio a la ANEP destinado a la Escuela de Villa Ansina"},"content":{"rendered":"\n<p>Se trata del solar 3 padr\u00f3n 2189, espacio bald\u00edo que era destinado a la pr\u00e1ctica de deportes por parte de los ni\u00f1os y que adem\u00e1s de seguir cumpliendo esa funci\u00f3n permitir\u00e1 en un futuro incorporar nuevos salones para el centro educativo.<\/p>\n\n\n\n<figure class=\"wp-block-image size-large\"><img loading=\"lazy\" decoding=\"async\" width=\"800\" height=\"420\" src=\"https:\/\/tacuarembo.gub.uy\/wp-content\/uploads\/WhatsApp-Image-2020-06-23-at-17.09.02-800x420.jpeg\" alt=\"\" class=\"wp-image-8400\"\/><\/figure>\n","protected":false},"excerpt":{"rendered":"<p>Se trata del solar 3 padr\u00f3n 2189, espacio bald\u00edo que era destinado a la pr\u00e1ctica de deportes por parte de los ni\u00f1os y que adem\u00e1s de seguir cumpliendo esa funci\u00f3n permitir\u00e1 en un futuro incorporar nuevos salones para el centro educativo.<\/p>\n","protected":false},"author":3,"featured_media":8400,"comment_status":"open","ping_status":"open","sticky":false,"template":"","format":"standard","meta":{"_eb_attr":"","footnotes":""},"categories":[16],"tags":[],"class_list":{"0":"post-8399","1":"post","2":"type-post","3":"status-publish","4":"format-standard","5":"has-post-thumbnail","7":"category-noticias"},"_links":{"self":[{"href":"https:\/\/tacuarembo.gub.uy\/index.php?rest_route=\/wp\/v2\/posts\/8399","targetHints":{"allow":["GET"]}}],"collection":[{"href":"https:\/\/tacuarembo.gub.uy\/index.php?rest_route=\/wp\/v2\/posts"}],"about":[{"href":"https:\/\/tacuarembo.gub.uy\/index.php?rest_route=\/wp\/v2\/types\/post"}],"author":[{"embeddable":true,"href":"https:\/\/tacuarembo.gub.uy\/index.php?rest_route=\/wp\/v2\/users\/3"}],"replies":[{"embeddable":true,"href":"https:\/\/tacuarembo.gub.uy\/index.php?rest_route=%2Fwp%2Fv2%2Fcomments&post=8399"}],"version-history":[{"count":1,"href":"https:\/\/tacuarembo.gub.uy\/index.php?rest_route=\/wp\/v2\/posts\/8399\/revisions"}],"predecessor-version":[{"id":8401,"href":"https:\/\/tacuarembo.gub.uy\/index.php?rest_route=\/wp\/v2\/posts\/8399\/revisions\/8401"}],"wp:featuredmedia":[{"embeddable":true,"href":"https:\/\/tacuarembo.gub.uy\/index.php?rest_route=\/wp\/v2\/media\/8400"}],"wp:attachment":[{"href":"https:\/\/tacuarembo.gub.uy\/index.php?rest_route=%2Fwp%2Fv2%2Fmedia&parent=8399"}],"wp:term":[{"taxonomy":"category","embeddable":true,"href":"https:\/\/tacuarembo.gub.uy\/index.php?rest_route=%2Fwp%2Fv2%2Fcategories&post=8399"},{"taxonomy":"post_tag","embeddable":true,"href":"https:\/\/tacuarembo.gub.uy\/index.php?rest_route=%2Fwp%2Fv2%2Ftags&post=8399"}],"curies":[{"name":"wp","href":"https:\/\/api.w.org\/{rel}","templated":true}]}}