{"id":8392,"date":"2020-06-23T15:25:00","date_gmt":"2020-06-23T18:25:00","guid":{"rendered":"https:\/\/tacuarembo.gub.uy\/?p=8392"},"modified":"2020-06-23T16:16:54","modified_gmt":"2020-06-23T19:16:54","slug":"fallecio-gustavo-alamon-a-los-85-anos","status":"publish","type":"post","link":"https:\/\/tacuarembo.gub.uy\/?p=8392","title":{"rendered":"Falleci\u00f3 Gustavo Alam\u00f3n a los 85 a\u00f1os"},"content":{"rendered":"\n<p>El Intendente Departamental, Dr. Jos\u00e9 O. Men\u00e9ndez, lamenta con profundo dolor el fallecimiento de quien fuera ciudadano ilustre de nuestro departamento con una reconocida trayectoria art\u00edstica y env\u00eda sus condolencias a los familiares.<br>Nacido en 1935 siempre dej\u00f3 su huella art\u00edstica en oleos y collage, consolidando un estilo basado en los Robots, compartiendo siempre por su rol docente, su ense\u00f1anza con las nuevas generaciones, incluso, hasta hace unos meses, con clases aqu\u00ed en Tacuaremb\u00f3 acompa\u00f1ado de su hija. Nuestro departamento lo reconoci\u00f3 en vida, en 2014 lo declar\u00f3 Ciudadano Ilustre, distinci\u00f3n que recibe en 2015. Tambi\u00e9n fue reconocido en otras ciudades y en el Museo de Artes Pl\u00e1sticas se puede disfrutar de dos salas con sus cuadros y en el Hall de la Intendencia se exhibe una obra extraordinaria \u201cEl Apocalipsis\u201d. Obtuvo diversos premios, Morosoli y Gardel entre otros y fue condecorado por el Ministerio de Educaci\u00f3n y Cultura de Francia, como caballero de la orden de las Artes y las letras de Francia. Estudi\u00f3 en la Escuela Nacional de Bellas Artes de la Universidad de la Republica. En su juventud fue bombero siempre lo cont\u00f3 con orgullo, ocup\u00f3 jerarqu\u00edas importantes, fue docente de dibujo, en su trayectoria, dio clases en varios departamentos Montevideo, Rio Negro, Soriano, Paysand\u00fa, Salto y Tacuaremb\u00f3. En nuestra ciudad tambi\u00e9n fue comerciante, director del Liceo 2 y su pasaje por el departamento de Rio Negro, ocup\u00f3 durante dos periodos la responsabilidad de ser Director de Cultura, en Montevideo fue asesor en arte del Ministerio de Educaci\u00f3n y Cultura. En cuanto a su estilo siempre contaba a los periodistas, que, en su filosof\u00eda, \u00e9l, sosten\u00eda que el hombre se estaba deshumanizando y que cada vez nos transform\u00e1bamos en Robots.<br>El acto del sepelio, se realizar\u00e1 este mi\u00e9rcoles 24 de junio a las 14 y 30 en el Cementerio Departamental.<\/p>\n\n\n\n<figure class=\"wp-block-image size-large\"><img loading=\"lazy\" decoding=\"async\" width=\"800\" height=\"420\" src=\"https:\/\/tacuarembo.gub.uy\/wp-content\/uploads\/WhatsApp-Image-2020-06-23-at-15.54.50-800x420.jpeg\" alt=\"\" class=\"wp-image-8396\"\/><\/figure>\n","protected":false},"excerpt":{"rendered":"<p>El Intendente Departamental, Dr. Jos\u00e9 O. Men\u00e9ndez, lamenta con profundo dolor el fallecimiento de quien fuera ciudadano ilustre de nuestro departamento con una reconocida trayectoria art\u00edstica y env\u00eda sus condolencias a los familiares.<\/p>\n","protected":false},"author":3,"featured_media":8393,"comment_status":"open","ping_status":"open","sticky":false,"template":"","format":"standard","meta":{"_eb_attr":"","footnotes":""},"categories":[16],"tags":[],"class_list":{"0":"post-8392","1":"post","2":"type-post","3":"status-publish","4":"format-standard","5":"has-post-thumbnail","7":"category-noticias"},"_links":{"self":[{"href":"https:\/\/tacuarembo.gub.uy\/index.php?rest_route=\/wp\/v2\/posts\/8392","targetHints":{"allow":["GET"]}}],"collection":[{"href":"https:\/\/tacuarembo.gub.uy\/index.php?rest_route=\/wp\/v2\/posts"}],"about":[{"href":"https:\/\/tacuarembo.gub.uy\/index.php?rest_route=\/wp\/v2\/types\/post"}],"author":[{"embeddable":true,"href":"https:\/\/tacuarembo.gub.uy\/index.php?rest_route=\/wp\/v2\/users\/3"}],"replies":[{"embeddable":true,"href":"https:\/\/tacuarembo.gub.uy\/index.php?rest_route=%2Fwp%2Fv2%2Fcomments&post=8392"}],"version-history":[{"count":4,"href":"https:\/\/tacuarembo.gub.uy\/index.php?rest_route=\/wp\/v2\/posts\/8392\/revisions"}],"predecessor-version":[{"id":8398,"href":"https:\/\/tacuarembo.gub.uy\/index.php?rest_route=\/wp\/v2\/posts\/8392\/revisions\/8398"}],"wp:featuredmedia":[{"embeddable":true,"href":"https:\/\/tacuarembo.gub.uy\/index.php?rest_route=\/wp\/v2\/media\/8393"}],"wp:attachment":[{"href":"https:\/\/tacuarembo.gub.uy\/index.php?rest_route=%2Fwp%2Fv2%2Fmedia&parent=8392"}],"wp:term":[{"taxonomy":"category","embeddable":true,"href":"https:\/\/tacuarembo.gub.uy\/index.php?rest_route=%2Fwp%2Fv2%2Fcategories&post=8392"},{"taxonomy":"post_tag","embeddable":true,"href":"https:\/\/tacuarembo.gub.uy\/index.php?rest_route=%2Fwp%2Fv2%2Ftags&post=8392"}],"curies":[{"name":"wp","href":"https:\/\/api.w.org\/{rel}","templated":true}]}}