{"id":8383,"date":"2020-06-22T16:05:00","date_gmt":"2020-06-22T19:05:00","guid":{"rendered":"https:\/\/tacuarembo.gub.uy\/?p=8383"},"modified":"2020-06-22T16:10:16","modified_gmt":"2020-06-22T19:10:16","slug":"en-paso-de-los-toros-se-trabaja-antendiendo-las-urgencias-que-dejo-el-temporal","status":"publish","type":"post","link":"https:\/\/tacuarembo.gub.uy\/?p=8383","title":{"rendered":"En Paso de los Toros se trabaja antendiendo las urgencias que dej\u00f3 el temporal"},"content":{"rendered":"\n<p>El Intendente de Tacuaremb\u00f3 Dr. Jos\u00e9 O. Men\u00e9ndez se reuni\u00f3 con el Alcalde y recorri\u00f3 la zona afectada por el temporal en Paso de los Toros. Los destrozos ocasionados por la turbonada llevaron a que se dispusiera que el personal municipal redoblara esfuerzos en procura de solucionar urgencias. Sector El\u00e9ctrico, Parques y Plazas, cuadrillas de Obras, Camping y Servicios, no escatimaron esfuerzos para darle soluci\u00f3n a los vecinos ante la adversidad presentada.<\/p>\n\n\n\n<figure class=\"wp-block-image size-large\"><img loading=\"lazy\" decoding=\"async\" width=\"800\" height=\"420\" src=\"https:\/\/tacuarembo.gub.uy\/wp-content\/uploads\/WhatsApp-Image-2020-06-22-at-16.02.041-800x420.jpeg\" alt=\"\" class=\"wp-image-8384\"\/><\/figure>\n\n\n\n<figure class=\"wp-block-image size-large\"><img loading=\"lazy\" decoding=\"async\" width=\"800\" height=\"420\" src=\"https:\/\/tacuarembo.gub.uy\/wp-content\/uploads\/WhatsApp-Image-2020-06-22-at-16.02.04-800x420.jpeg\" alt=\"\" class=\"wp-image-8385\"\/><\/figure>\n\n\n\n<figure class=\"wp-block-image size-large\"><img loading=\"lazy\" decoding=\"async\" width=\"800\" height=\"420\" src=\"https:\/\/tacuarembo.gub.uy\/wp-content\/uploads\/WhatsApp-Image-2020-06-22-at-16.02.051-800x420.jpeg\" alt=\"\" class=\"wp-image-8386\"\/><\/figure>\n\n\n\n<figure class=\"wp-block-image size-large\"><img loading=\"lazy\" decoding=\"async\" width=\"800\" height=\"420\" src=\"https:\/\/tacuarembo.gub.uy\/wp-content\/uploads\/WhatsApp-Image-2020-06-22-at-16.02.05-800x420.jpeg\" alt=\"\" class=\"wp-image-8387\"\/><\/figure>\n\n\n\n<figure class=\"wp-block-image size-large\"><img loading=\"lazy\" decoding=\"async\" width=\"800\" height=\"420\" src=\"https:\/\/tacuarembo.gub.uy\/wp-content\/uploads\/WhatsApp-Image-2020-06-22-at-16.02.061-800x420.jpeg\" alt=\"\" class=\"wp-image-8388\"\/><\/figure>\n\n\n\n<figure class=\"wp-block-image size-large\"><img loading=\"lazy\" decoding=\"async\" width=\"800\" height=\"420\" src=\"https:\/\/tacuarembo.gub.uy\/wp-content\/uploads\/WhatsApp-Image-2020-06-22-at-16.02.06-1-800x420.jpeg\" alt=\"\" class=\"wp-image-8390\"\/><\/figure>\n","protected":false},"excerpt":{"rendered":"<p>El Intendente de Tacuaremb\u00f3 Dr. Jos\u00e9 O. Men\u00e9ndez se reuni\u00f3 con el Alcalde y recorri\u00f3 la zona afectada por el temporal en Paso de los Toros<\/p>\n","protected":false},"author":3,"featured_media":8385,"comment_status":"open","ping_status":"open","sticky":false,"template":"","format":"standard","meta":{"_eb_attr":"","footnotes":""},"categories":[16],"tags":[],"class_list":{"0":"post-8383","1":"post","2":"type-post","3":"status-publish","4":"format-standard","5":"has-post-thumbnail","7":"category-noticias"},"_links":{"self":[{"href":"https:\/\/tacuarembo.gub.uy\/index.php?rest_route=\/wp\/v2\/posts\/8383","targetHints":{"allow":["GET"]}}],"collection":[{"href":"https:\/\/tacuarembo.gub.uy\/index.php?rest_route=\/wp\/v2\/posts"}],"about":[{"href":"https:\/\/tacuarembo.gub.uy\/index.php?rest_route=\/wp\/v2\/types\/post"}],"author":[{"embeddable":true,"href":"https:\/\/tacuarembo.gub.uy\/index.php?rest_route=\/wp\/v2\/users\/3"}],"replies":[{"embeddable":true,"href":"https:\/\/tacuarembo.gub.uy\/index.php?rest_route=%2Fwp%2Fv2%2Fcomments&post=8383"}],"version-history":[{"count":1,"href":"https:\/\/tacuarembo.gub.uy\/index.php?rest_route=\/wp\/v2\/posts\/8383\/revisions"}],"predecessor-version":[{"id":8391,"href":"https:\/\/tacuarembo.gub.uy\/index.php?rest_route=\/wp\/v2\/posts\/8383\/revisions\/8391"}],"wp:featuredmedia":[{"embeddable":true,"href":"https:\/\/tacuarembo.gub.uy\/index.php?rest_route=\/wp\/v2\/media\/8385"}],"wp:attachment":[{"href":"https:\/\/tacuarembo.gub.uy\/index.php?rest_route=%2Fwp%2Fv2%2Fmedia&parent=8383"}],"wp:term":[{"taxonomy":"category","embeddable":true,"href":"https:\/\/tacuarembo.gub.uy\/index.php?rest_route=%2Fwp%2Fv2%2Fcategories&post=8383"},{"taxonomy":"post_tag","embeddable":true,"href":"https:\/\/tacuarembo.gub.uy\/index.php?rest_route=%2Fwp%2Fv2%2Ftags&post=8383"}],"curies":[{"name":"wp","href":"https:\/\/api.w.org\/{rel}","templated":true}]}}