{"id":8366,"date":"2020-06-19T09:40:00","date_gmt":"2020-06-19T12:40:00","guid":{"rendered":"https:\/\/tacuarembo.gub.uy\/?p=8366"},"modified":"2020-06-19T09:48:30","modified_gmt":"2020-06-19T12:48:30","slug":"natalicio-de-artigas","status":"publish","type":"post","link":"https:\/\/tacuarembo.gub.uy\/?p=8366","title":{"rendered":"Natalicio de Artigas"},"content":{"rendered":"\n<p>Hoy 19 de junio compartimos en representaci\u00f3n de la Comisi\u00f3n Patri\u00f3tica, un mensaje alusivo a la fecha elaborado por Alumnos del Liceo 2 de la ciudad de Tacuaremb\u00f3. Ellos son estudiantes de Tercero de Bachillerato Yulissa Figueroa y Lucas Ferreira que contaron con un marco musical de los acordes del himno popular \u201c A Don Jos\u00e9\u201d del maestro Ruben Lena destac\u00e1ndose en acorde\u00f3n Thiago Alvarez y en guitarra Mauro Garc\u00eda tambi\u00e9n alumnos de Bachillerato.<\/p>\n\n\n\n<iframe loading=\"lazy\" width=\"729\" height=\"410\" src=\"https:\/\/www.youtube.com\/embed\/YmbUIEQRlW0\" frameborder=\"0\" allow=\"accelerometer; autoplay; encrypted-media; gyroscope; picture-in-picture\" allowfullscreen><\/iframe>\n","protected":false},"excerpt":{"rendered":"<p>Hoy 19 de junio compartimos en representaci\u00f3n de la Comisi\u00f3n Patri\u00f3tica, un mensaje alusivo a la fecha elaborado por Alumnos del Liceo 2 de la ciudad de Tacuaremb\u00f3<\/p>\n","protected":false},"author":3,"featured_media":8365,"comment_status":"open","ping_status":"open","sticky":false,"template":"","format":"standard","meta":{"_eb_attr":"","footnotes":""},"categories":[16],"tags":[],"class_list":{"0":"post-8366","1":"post","2":"type-post","3":"status-publish","4":"format-standard","5":"has-post-thumbnail","7":"category-noticias"},"_links":{"self":[{"href":"https:\/\/tacuarembo.gub.uy\/index.php?rest_route=\/wp\/v2\/posts\/8366","targetHints":{"allow":["GET"]}}],"collection":[{"href":"https:\/\/tacuarembo.gub.uy\/index.php?rest_route=\/wp\/v2\/posts"}],"about":[{"href":"https:\/\/tacuarembo.gub.uy\/index.php?rest_route=\/wp\/v2\/types\/post"}],"author":[{"embeddable":true,"href":"https:\/\/tacuarembo.gub.uy\/index.php?rest_route=\/wp\/v2\/users\/3"}],"replies":[{"embeddable":true,"href":"https:\/\/tacuarembo.gub.uy\/index.php?rest_route=%2Fwp%2Fv2%2Fcomments&post=8366"}],"version-history":[{"count":1,"href":"https:\/\/tacuarembo.gub.uy\/index.php?rest_route=\/wp\/v2\/posts\/8366\/revisions"}],"predecessor-version":[{"id":8367,"href":"https:\/\/tacuarembo.gub.uy\/index.php?rest_route=\/wp\/v2\/posts\/8366\/revisions\/8367"}],"wp:featuredmedia":[{"embeddable":true,"href":"https:\/\/tacuarembo.gub.uy\/index.php?rest_route=\/wp\/v2\/media\/8365"}],"wp:attachment":[{"href":"https:\/\/tacuarembo.gub.uy\/index.php?rest_route=%2Fwp%2Fv2%2Fmedia&parent=8366"}],"wp:term":[{"taxonomy":"category","embeddable":true,"href":"https:\/\/tacuarembo.gub.uy\/index.php?rest_route=%2Fwp%2Fv2%2Fcategories&post=8366"},{"taxonomy":"post_tag","embeddable":true,"href":"https:\/\/tacuarembo.gub.uy\/index.php?rest_route=%2Fwp%2Fv2%2Ftags&post=8366"}],"curies":[{"name":"wp","href":"https:\/\/api.w.org\/{rel}","templated":true}]}}