{"id":8329,"date":"2020-06-16T10:35:00","date_gmt":"2020-06-16T13:35:00","guid":{"rendered":"https:\/\/tacuarembo.gub.uy\/?p=8329"},"modified":"2020-07-31T19:24:15","modified_gmt":"2020-07-31T22:24:15","slug":"la-creacion-del-departamento-de-tacuarembo-el-16-de-junio-de-1837-formo-parte-de-un-proceso-de-organizacion-administrativa-del-territorio-de-nuestro-pais","status":"publish","type":"post","link":"https:\/\/tacuarembo.gub.uy\/?p=8329","title":{"rendered":"La creaci\u00f3n del departamento de Tacuaremb\u00f3 el 16 de junio de 1837 form\u00f3 parte de un proceso de organizaci\u00f3n administrativa del territorio de nuestro pa\u00eds"},"content":{"rendered":"\n<p>En esa fecha el presidente de la c\u00e1mara de senadores, Carlos Anaya, que en esos momentos ejerc\u00eda la presidencia de la Rep\u00fablica por hallarse ausente el presidente Manuel Oribe, promulg\u00f3 la Ley N.\u00ba 158. Esta creaba los departamentos de Tacuaremb\u00f3 y Salto y establec\u00eda los nuevos l\u00edmites del departamento de Paysand\u00fa. Pocos d\u00edas despu\u00e9s, el 14 de agosto, el gobierno nombr\u00f3 las nuevas autoridades, siendo designado como primer jefe pol\u00edtico y de polic\u00eda el se\u00f1or Atanasio Lapido.<br>Los l\u00edmites del nuevo departamento fueron provisorios hasta el 4 de julio de 1848 cuando se fijaron por una nueva ley.<br>Tacuaremb\u00f3 fue habitado desde la prehistoria por grupos de abor\u00edgenes. Su nombre deriva del idioma guaran\u00ed, posiblemente adjudicado por troperos misioneros que realizaban arreadas de ganado hacia las misiones jesu\u00edticas. Un documento de 1702 menciona el r\u00edo Tacuaremboty, que significa r\u00edo de los ca\u00f1averales o tacuarales. Durante la \u00e9poca colonial, Jos\u00e9 Artigas reparti\u00f3 diversas suertes de estancia&nbsp; como parte de la pol\u00edtica llevada adelante por los espa\u00f1oles para poblar la frontera.<br>Luego de la independencia, la zona norte de nuestro pa\u00eds, en virtud de la indefinici\u00f3n de la frontera con Brasil y la necesidad de poblarla, fue objeto de particular atenci\u00f3n por parte del gobierno. En octubre de 1831 el presidente Fructuoso Rivera decret\u00f3 la fundaci\u00f3n de una villa en la zona de Tacuaremb\u00f3. Esto se concret\u00f3 el 27 de enero del a\u00f1o siguiente, cuando el coronel Bernab\u00e9 Rivera fund\u00f3 la villa de San Fructuoso, posteriormente ciudad de Tacuaremb\u00f3. El lugar elegido fue el \u201cRinc\u00f3n de la T\u00eda Ana\u201d, en las costas del arroyo Tacuaremb\u00f3 Chico, donde ya exist\u00eda un oratorio.<br>Entre el 22 y el 26, con la colaboraci\u00f3n de un agrimensor, se realiz\u00f3 la mensura, deslinde y amanzanamiento del futuro pueblo y se adjudicaron chacras y solares a los primeros pobladores.<br>En 1837, cuando se cre\u00f3 el departamento, la villa contaba con m\u00e1s de 500 habitantes, juez de paz, cura p\u00e1rroco, y jefe militar. Para la administraci\u00f3n de las zonas rurales se contaba con Tenientes Alcaldes, y para los asuntos urbanos una Comisi\u00f3n de Obras P\u00fablicas.<br>La nueva organizaci\u00f3n implic\u00f3 a la formaci\u00f3n de una Junta Econ\u00f3mica Administrativa encargada de impulsar iniciativas que tendieran al desarrollo del departamento y que junto al Jefe Pol\u00edtico, que tambi\u00e9n era jefe de polic\u00eda, constitu\u00edan las m\u00e1ximas autoridades departamentales.<br>En 1852 lleg\u00f3 a San Fructuoso el Presidente Juan F. Giro y permaneci\u00f3 seis d\u00edas en San Fructuoso y durante su estad\u00eda hubo teatro, dos bailes y sortijas. Uno de los cronistas del diario de Montevideo que acompa\u00f1aba la comitiva del presidente, sosten\u00eda que en la villa hab\u00eda 30 casas de material y 170 ranchos, 2 comercios mayoristas, 15 almacenes menor, una sola fonda (hotel), pero dos boticas (farmacias).<br>Durante el resto del siglo XIX diversos acontecimientos fueron jalonando la historia del departamento. Entre estos cabe destacar: la inauguraci\u00f3n de la primera escuela en 1852, la construcci\u00f3n del edificio de la Jefatura de Polic\u00eda en 1878, la creaci\u00f3n del departamento de Rivera con territorios de Tacuaremb\u00f3 en 1884 y la inauguraci\u00f3n del Teatro Escayola, el segundo del interior, en 1891.<\/p>\n\n\n\n<figure class=\"wp-block-image size-large\"><img loading=\"lazy\" decoding=\"async\" width=\"720\" height=\"420\" src=\"https:\/\/tacuarembo.gub.uy\/wp-content\/uploads\/WhatsApp-Image-2020-06-16-at-10.38.07-1-720x420.jpeg\" alt=\"\" class=\"wp-image-8331\"\/><\/figure>\n\n\n\n<p>Reiteramos hoy 16 de junio se conmemoran 183 a\u00f1os de la creaci\u00f3n del departamento Tacuaremb\u00f3 a trav\u00e9s de la Ley 158 que fue aprobada el 14 de junio 1837 pero que se promulga el 16 de junio del mismo a\u00f1o bajo el gobierno del General Manuel Oribe.<br>La capital departamental de nuestro departamento fue Villa San Fructuoso que fue fundada un 27 de enero de 1832, hoy ciudad de Tacuaremb\u00f3, est\u00e1 \u00faltima palabra hace referencia a \u201ctacuara\u201d, voz del castellano derivada del guaran\u00ed it\u00e1 cuar\u00e1 (it\u00e1, piedra o palo duro, cuar\u00e1, agujero, por la oquedad de esas ca\u00f1as) que da origen seguro a la voz Tacuaremb\u00f3.<br>La ciudad principal es nuestra capital departamental, le siguen en importancia Paso de los Toros, San Gregorio de Polanco y Villa Ansina. Se destaca aqu\u00ed la producci\u00f3n ganadera, arrocera y forestal. En nuestro territorio se encuentran basaltos y areniscas, conformando un paisaje de praderas y cerros chatos.<\/p>\n\n\n\n<p>Fuente: Uruguay Educa &#8211; ANEP<\/p>\n","protected":false},"excerpt":{"rendered":"<p>En esa fecha el presidente de la c\u00e1mara de senadores, Carlos Anaya, que en esos momentos ejerc\u00eda la presidencia de la Rep\u00fablica por hallarse ausente el presidente Manuel Oribe, promulg\u00f3 la Ley N.\u00ba 158. Esta creaba los departamentos de Tacuaremb\u00f3 y Salto y establec\u00eda los nuevos l\u00edmites del departamento de Paysand\u00fa. Pocos d\u00edas despu\u00e9s, el 14 de agosto, el gobierno nombr\u00f3 las nuevas autoridades, siendo designado como primer jefe pol\u00edtico y de polic\u00eda el se\u00f1or Atanasio Lapido.<\/p>\n","protected":false},"author":3,"featured_media":8330,"comment_status":"open","ping_status":"open","sticky":false,"template":"","format":"standard","meta":{"_eb_attr":"","footnotes":""},"categories":[18,16],"tags":[],"class_list":{"0":"post-8329","1":"post","2":"type-post","3":"status-publish","4":"format-standard","5":"has-post-thumbnail","7":"category-cultura","8":"category-noticias"},"_links":{"self":[{"href":"https:\/\/tacuarembo.gub.uy\/index.php?rest_route=\/wp\/v2\/posts\/8329","targetHints":{"allow":["GET"]}}],"collection":[{"href":"https:\/\/tacuarembo.gub.uy\/index.php?rest_route=\/wp\/v2\/posts"}],"about":[{"href":"https:\/\/tacuarembo.gub.uy\/index.php?rest_route=\/wp\/v2\/types\/post"}],"author":[{"embeddable":true,"href":"https:\/\/tacuarembo.gub.uy\/index.php?rest_route=\/wp\/v2\/users\/3"}],"replies":[{"embeddable":true,"href":"https:\/\/tacuarembo.gub.uy\/index.php?rest_route=%2Fwp%2Fv2%2Fcomments&post=8329"}],"version-history":[{"count":2,"href":"https:\/\/tacuarembo.gub.uy\/index.php?rest_route=\/wp\/v2\/posts\/8329\/revisions"}],"predecessor-version":[{"id":8784,"href":"https:\/\/tacuarembo.gub.uy\/index.php?rest_route=\/wp\/v2\/posts\/8329\/revisions\/8784"}],"wp:featuredmedia":[{"embeddable":true,"href":"https:\/\/tacuarembo.gub.uy\/index.php?rest_route=\/wp\/v2\/media\/8330"}],"wp:attachment":[{"href":"https:\/\/tacuarembo.gub.uy\/index.php?rest_route=%2Fwp%2Fv2%2Fmedia&parent=8329"}],"wp:term":[{"taxonomy":"category","embeddable":true,"href":"https:\/\/tacuarembo.gub.uy\/index.php?rest_route=%2Fwp%2Fv2%2Fcategories&post=8329"},{"taxonomy":"post_tag","embeddable":true,"href":"https:\/\/tacuarembo.gub.uy\/index.php?rest_route=%2Fwp%2Fv2%2Ftags&post=8329"}],"curies":[{"name":"wp","href":"https:\/\/api.w.org\/{rel}","templated":true}]}}