{"id":8308,"date":"2020-06-15T22:49:32","date_gmt":"2020-06-16T01:49:32","guid":{"rendered":"https:\/\/tacuarembo.gub.uy\/?p=8308"},"modified":"2020-06-15T22:50:18","modified_gmt":"2020-06-16T01:50:18","slug":"nueva-alcantarilla-en-canada-del-san-javier","status":"publish","type":"post","link":"https:\/\/tacuarembo.gub.uy\/?p=8308","title":{"rendered":"Nueva Alcantarilla en ca\u00f1ada del San Javier"},"content":{"rendered":"\n<p>La IDT contin\u00faa pensando ciudad y en ese sentido construye una alcantarilla en la ca\u00f1ada del San Javier que conectar\u00e1 el Barrio Ivyt\u00ed Javier y el fraccionamiento Oleiros; se lograr\u00e1 una mejor comunicaci\u00f3n uniendo esta trama vial, alcanzando un nuevo punto de conexi\u00f3n con la Avenida Presidente Batlle.<\/p>\n\n\n\n<figure class=\"wp-block-image size-large\"><img loading=\"lazy\" decoding=\"async\" width=\"800\" height=\"420\" src=\"https:\/\/tacuarembo.gub.uy\/wp-content\/uploads\/8BEBDB05-900D-4DE4-B9CC-D3E648F3F8EC-800x420.jpeg\" alt=\"\" class=\"wp-image-8311\"\/><\/figure>\n\n\n\n<figure class=\"wp-block-image size-large\"><img loading=\"lazy\" decoding=\"async\" width=\"800\" height=\"420\" src=\"https:\/\/tacuarembo.gub.uy\/wp-content\/uploads\/6882A2B0-870E-4C93-9A80-9E4306D01135-800x420.jpeg\" alt=\"\" class=\"wp-image-8309\"\/><\/figure>\n\n\n\n<figure class=\"wp-block-image size-large\"><img loading=\"lazy\" decoding=\"async\" width=\"800\" height=\"420\" src=\"https:\/\/tacuarembo.gub.uy\/wp-content\/uploads\/362ACC3D-1042-48DB-B8B7-96A762272E36-800x420.jpeg\" alt=\"\" class=\"wp-image-8310\"\/><\/figure>\n\n\n\n<figure class=\"wp-block-image size-large\"><img loading=\"lazy\" decoding=\"async\" width=\"800\" height=\"420\" src=\"https:\/\/tacuarembo.gub.uy\/wp-content\/uploads\/0C20F9B9-CE09-46FE-88C5-CD3CA3B005A3-800x420.jpeg\" alt=\"\" class=\"wp-image-8313\"\/><\/figure>\n\n\n\n<figure class=\"wp-block-image size-large\"><img loading=\"lazy\" decoding=\"async\" width=\"800\" height=\"420\" src=\"https:\/\/tacuarembo.gub.uy\/wp-content\/uploads\/6D0FED6D-42D1-4370-940B-F99B24B9BF95-800x420.jpeg\" alt=\"\" class=\"wp-image-8316\"\/><\/figure>\n\n\n\n<figure class=\"wp-block-image size-large\"><img loading=\"lazy\" decoding=\"async\" width=\"800\" height=\"420\" src=\"https:\/\/tacuarembo.gub.uy\/wp-content\/uploads\/1902AAB8-C828-48B8-8E77-07BA1417A6B4-800x420.jpeg\" alt=\"\" class=\"wp-image-8315\"\/><\/figure>\n\n\n\n<figure class=\"wp-block-image size-large\"><img loading=\"lazy\" decoding=\"async\" width=\"800\" height=\"420\" src=\"https:\/\/tacuarembo.gub.uy\/wp-content\/uploads\/42730702-1D33-4D95-9B52-5C486D173148-800x420.jpeg\" alt=\"\" class=\"wp-image-8314\"\/><\/figure>\n\n\n\n<p><\/p>\n","protected":false},"excerpt":{"rendered":"<p>La IDT contin\u00faa pensando ciudad y en ese sentido construye una alcantarilla en la ca\u00f1ada del San Javier que conectar\u00e1 el Barrio Ivyt\u00ed Javier y el fraccionamiento Oleiros; se lograr\u00e1 una mejor comunicaci\u00f3n uniendo esta trama vial, alcanzando un nuevo punto de conexi\u00f3n con la Avenida Presidente Batlle<\/p>\n","protected":false},"author":3,"featured_media":8319,"comment_status":"open","ping_status":"open","sticky":false,"template":"","format":"standard","meta":{"_eb_attr":"","footnotes":""},"categories":[16,23],"tags":[],"class_list":{"0":"post-8308","1":"post","2":"type-post","3":"status-publish","4":"format-standard","5":"has-post-thumbnail","7":"category-noticias","8":"category-obras-en-construccion"},"_links":{"self":[{"href":"https:\/\/tacuarembo.gub.uy\/index.php?rest_route=\/wp\/v2\/posts\/8308","targetHints":{"allow":["GET"]}}],"collection":[{"href":"https:\/\/tacuarembo.gub.uy\/index.php?rest_route=\/wp\/v2\/posts"}],"about":[{"href":"https:\/\/tacuarembo.gub.uy\/index.php?rest_route=\/wp\/v2\/types\/post"}],"author":[{"embeddable":true,"href":"https:\/\/tacuarembo.gub.uy\/index.php?rest_route=\/wp\/v2\/users\/3"}],"replies":[{"embeddable":true,"href":"https:\/\/tacuarembo.gub.uy\/index.php?rest_route=%2Fwp%2Fv2%2Fcomments&post=8308"}],"version-history":[{"count":1,"href":"https:\/\/tacuarembo.gub.uy\/index.php?rest_route=\/wp\/v2\/posts\/8308\/revisions"}],"predecessor-version":[{"id":8323,"href":"https:\/\/tacuarembo.gub.uy\/index.php?rest_route=\/wp\/v2\/posts\/8308\/revisions\/8323"}],"wp:featuredmedia":[{"embeddable":true,"href":"https:\/\/tacuarembo.gub.uy\/index.php?rest_route=\/wp\/v2\/media\/8319"}],"wp:attachment":[{"href":"https:\/\/tacuarembo.gub.uy\/index.php?rest_route=%2Fwp%2Fv2%2Fmedia&parent=8308"}],"wp:term":[{"taxonomy":"category","embeddable":true,"href":"https:\/\/tacuarembo.gub.uy\/index.php?rest_route=%2Fwp%2Fv2%2Fcategories&post=8308"},{"taxonomy":"post_tag","embeddable":true,"href":"https:\/\/tacuarembo.gub.uy\/index.php?rest_route=%2Fwp%2Fv2%2Ftags&post=8308"}],"curies":[{"name":"wp","href":"https:\/\/api.w.org\/{rel}","templated":true}]}}