{"id":8169,"date":"2020-06-05T15:48:28","date_gmt":"2020-06-05T18:48:28","guid":{"rendered":"https:\/\/tacuarembo.gub.uy\/?p=8169"},"modified":"2020-06-05T15:54:31","modified_gmt":"2020-06-05T18:54:31","slug":"5-de-junio-dia-mundial-del-medio-ambiente","status":"publish","type":"post","link":"https:\/\/tacuarembo.gub.uy\/?p=8169","title":{"rendered":"5 de junio, D\u00eda Mundial del Medio Ambiente"},"content":{"rendered":"\n<p>El tema 2020 es la Biodiversidad y en Tacuaremb\u00f3 se trabaja en la preservaci\u00f3n y cuidado del suelo. Desde la Intendencia de Tacuaremb\u00f3, nos concentramos en sensibilizar sobre la preocupaci\u00f3n en el cuidado y mantenimiento de la Biodiversidad acompa\u00f1ando el objetivo de Naciones Unidas por proteger al menos el 30 % de la misma en la tierra y los oc\u00e9anos. Los recursos biol\u00f3gicos son los pilares que sustentan las civilizaciones. La deforestaci\u00f3n, el tr\u00e1fico ilegal de especies y la producci\u00f3n intensiva de alimentos son algunos de los factores asociados al aumento de las enfermedades zoon\u00f3ticas una de las cuales hoy sufrimos y si no cambiamos nuestros h\u00e1bitos de consumo, de trabajo (incluyendo en ello las formas de producci\u00f3n) y de vida, estaremos a\u00f1o a a\u00f1o m\u00e1s expuestos a vivir eventos como el que ahora padecemos. La esperanza est\u00e1 en nuestro ni\u00f1os y j\u00f3venes. Ellos en Tacuaremb\u00f3 han demostrado a\u00f1o tras a\u00f1o tener clara conciencia de c\u00f3mo debemos vivir y como y lo que, debemos proteger.<br>Colaboremos a que esa conciencia, se fortalezca cada vez m\u00e1s, acompa\u00f1ando sus consejos con acciones concretas de cambios de h\u00e1bitos saludables para el ambiente, desechando los residuos en forma adecuada, reutilizando los elementos que se puedan y reduciendo el uso de aquellos que podemos evitar, como los envases no retornables. Colaboremos con nuestro peque\u00f1o, pero a la vez important\u00edsimo granito de arena para lograr un mejor mundo para hoy y para el futuro.<\/p>\n\n\n\n<figure class=\"wp-block-image size-large\"><img loading=\"lazy\" decoding=\"async\" width=\"800\" height=\"420\" src=\"https:\/\/tacuarembo.gub.uy\/wp-content\/uploads\/WhatsApp-Image-2020-06-05-at-14.18.24-1-800x420.jpeg\" alt=\"\" class=\"wp-image-8171\"\/><\/figure>\n\n\n\n<figure class=\"wp-block-image size-large\"><img loading=\"lazy\" decoding=\"async\" width=\"800\" height=\"420\" src=\"https:\/\/tacuarembo.gub.uy\/wp-content\/uploads\/WhatsApp-Image-2020-06-05-at-14.18.33-800x420.jpeg\" alt=\"\" class=\"wp-image-8173\"\/><\/figure>\n\n\n\n<figure class=\"wp-block-image size-large\"><img loading=\"lazy\" decoding=\"async\" width=\"800\" height=\"420\" src=\"https:\/\/tacuarembo.gub.uy\/wp-content\/uploads\/WhatsApp-Image-2020-06-05-at-14.18.37-800x420.jpeg\" alt=\"\" class=\"wp-image-8174\"\/><\/figure>\n\n\n\n<figure class=\"wp-block-image size-large\"><img loading=\"lazy\" decoding=\"async\" width=\"800\" height=\"420\" src=\"https:\/\/tacuarembo.gub.uy\/wp-content\/uploads\/WhatsApp-Image-2020-06-05-at-14.18.41-800x420.jpeg\" alt=\"\" class=\"wp-image-8172\"\/><\/figure>\n\n\n\n<iframe loading=\"lazy\" width=\"745\" height=\"410\" src=\"https:\/\/www.youtube.com\/embed\/GrzwJh7475s\" frameborder=\"0\" allow=\"accelerometer; autoplay; encrypted-media; gyroscope; picture-in-picture\" allowfullscreen><\/iframe>\n","protected":false},"excerpt":{"rendered":"<p>El tema 2020 es la Biodiversidad y en Tacuaremb\u00f3 se trabaja en la preservaci\u00f3n y cuidado del suelo. Desde la Intendencia de Tacuaremb\u00f3, nos concentramos en sensibilizar sobre la preocupaci\u00f3n en el cuidado y mantenimiento de la Biodiversidad acompa\u00f1ando el objetivo de Naciones Unidas por proteger al menos el 30 % de la misma en la tierra y los oc\u00e9anos. <\/p>\n","protected":false},"author":3,"featured_media":8174,"comment_status":"open","ping_status":"open","sticky":false,"template":"","format":"standard","meta":{"_eb_attr":"","footnotes":""},"categories":[16],"tags":[],"class_list":{"0":"post-8169","1":"post","2":"type-post","3":"status-publish","4":"format-standard","5":"has-post-thumbnail","7":"category-noticias"},"_links":{"self":[{"href":"https:\/\/tacuarembo.gub.uy\/index.php?rest_route=\/wp\/v2\/posts\/8169","targetHints":{"allow":["GET"]}}],"collection":[{"href":"https:\/\/tacuarembo.gub.uy\/index.php?rest_route=\/wp\/v2\/posts"}],"about":[{"href":"https:\/\/tacuarembo.gub.uy\/index.php?rest_route=\/wp\/v2\/types\/post"}],"author":[{"embeddable":true,"href":"https:\/\/tacuarembo.gub.uy\/index.php?rest_route=\/wp\/v2\/users\/3"}],"replies":[{"embeddable":true,"href":"https:\/\/tacuarembo.gub.uy\/index.php?rest_route=%2Fwp%2Fv2%2Fcomments&post=8169"}],"version-history":[{"count":2,"href":"https:\/\/tacuarembo.gub.uy\/index.php?rest_route=\/wp\/v2\/posts\/8169\/revisions"}],"predecessor-version":[{"id":8179,"href":"https:\/\/tacuarembo.gub.uy\/index.php?rest_route=\/wp\/v2\/posts\/8169\/revisions\/8179"}],"wp:featuredmedia":[{"embeddable":true,"href":"https:\/\/tacuarembo.gub.uy\/index.php?rest_route=\/wp\/v2\/media\/8174"}],"wp:attachment":[{"href":"https:\/\/tacuarembo.gub.uy\/index.php?rest_route=%2Fwp%2Fv2%2Fmedia&parent=8169"}],"wp:term":[{"taxonomy":"category","embeddable":true,"href":"https:\/\/tacuarembo.gub.uy\/index.php?rest_route=%2Fwp%2Fv2%2Fcategories&post=8169"},{"taxonomy":"post_tag","embeddable":true,"href":"https:\/\/tacuarembo.gub.uy\/index.php?rest_route=%2Fwp%2Fv2%2Ftags&post=8169"}],"curies":[{"name":"wp","href":"https:\/\/api.w.org\/{rel}","templated":true}]}}