{"id":8109,"date":"2020-05-31T20:31:51","date_gmt":"2020-05-31T23:31:51","guid":{"rendered":"https:\/\/tacuarembo.gub.uy\/?p=8109"},"modified":"2020-06-01T17:07:37","modified_gmt":"2020-06-01T20:07:37","slug":"comunicado-6","status":"publish","type":"post","link":"https:\/\/tacuarembo.gub.uy\/?p=8109","title":{"rendered":"COMUNICADO"},"content":{"rendered":"\n<p><strong>DUELO DEPARTAMENTAL<\/strong><\/p>\n\n\n\n<p>Ante los hechos ocurridos, el Intendente de Tacuaremb\u00f3, Dr. Jose O. Men\u00e9ndez ha resuelto decretar tres d\u00edas de Duelo Departamental con el Izamiento de Bandera a media asta en todas las dependencias departamentales. Hacemos llegar a los familiares nuestro sentido p\u00e9same ante tan triste p\u00e9rdida, que nos provoca como ciudadanos de este pa\u00eds y Tacuaremboenses, una profunda congoja.<\/p>\n\n\n<p><strong><a href=\"https:\/\/tacuarembo.gub.uy\/wp-content\/uploads\/mdn_38.pdf\">Duelo Nacional<\/a><\/strong><\/p>","protected":false},"excerpt":{"rendered":"<p>Ante los hechos ocurridos, el Intendente de Tacuaremb\u00f3, Dr. Jose O. Men\u00e9ndez ha resuelto decretar tres d\u00edas de Duelo Departamental con el Izamiento de Bandera a media asta en todas las dependencias departamentales. <\/p>\n","protected":false},"author":3,"featured_media":8110,"comment_status":"open","ping_status":"open","sticky":false,"template":"","format":"standard","meta":{"_eb_attr":"","footnotes":""},"categories":[16],"tags":[],"class_list":{"0":"post-8109","1":"post","2":"type-post","3":"status-publish","4":"format-standard","5":"has-post-thumbnail","7":"category-noticias"},"_links":{"self":[{"href":"https:\/\/tacuarembo.gub.uy\/index.php?rest_route=\/wp\/v2\/posts\/8109","targetHints":{"allow":["GET"]}}],"collection":[{"href":"https:\/\/tacuarembo.gub.uy\/index.php?rest_route=\/wp\/v2\/posts"}],"about":[{"href":"https:\/\/tacuarembo.gub.uy\/index.php?rest_route=\/wp\/v2\/types\/post"}],"author":[{"embeddable":true,"href":"https:\/\/tacuarembo.gub.uy\/index.php?rest_route=\/wp\/v2\/users\/3"}],"replies":[{"embeddable":true,"href":"https:\/\/tacuarembo.gub.uy\/index.php?rest_route=%2Fwp%2Fv2%2Fcomments&post=8109"}],"version-history":[{"count":1,"href":"https:\/\/tacuarembo.gub.uy\/index.php?rest_route=\/wp\/v2\/posts\/8109\/revisions"}],"predecessor-version":[{"id":8112,"href":"https:\/\/tacuarembo.gub.uy\/index.php?rest_route=\/wp\/v2\/posts\/8109\/revisions\/8112"}],"wp:featuredmedia":[{"embeddable":true,"href":"https:\/\/tacuarembo.gub.uy\/index.php?rest_route=\/wp\/v2\/media\/8110"}],"wp:attachment":[{"href":"https:\/\/tacuarembo.gub.uy\/index.php?rest_route=%2Fwp%2Fv2%2Fmedia&parent=8109"}],"wp:term":[{"taxonomy":"category","embeddable":true,"href":"https:\/\/tacuarembo.gub.uy\/index.php?rest_route=%2Fwp%2Fv2%2Fcategories&post=8109"},{"taxonomy":"post_tag","embeddable":true,"href":"https:\/\/tacuarembo.gub.uy\/index.php?rest_route=%2Fwp%2Fv2%2Ftags&post=8109"}],"curies":[{"name":"wp","href":"https:\/\/api.w.org\/{rel}","templated":true}]}}