{"id":8106,"date":"2020-05-31T14:38:58","date_gmt":"2020-05-31T17:38:58","guid":{"rendered":"https:\/\/tacuarembo.gub.uy\/?p=8106"},"modified":"2020-05-31T14:38:58","modified_gmt":"2020-05-31T17:38:58","slug":"dia-mundial-sin-humo-de-tabaco","status":"publish","type":"post","link":"https:\/\/tacuarembo.gub.uy\/?p=8106","title":{"rendered":"D\u00eda Mundial Sin Humo de Tabaco"},"content":{"rendered":"\n<p>Muchos hogares uruguayos ya son 100% libres de humo de trabaco, pero otros a\u00fan no, por eso la Comisi\u00f3n Honoraria de Lucha Contra el C\u00e1ncer, en el \u201cD\u00eda Mundial Sin Humo de Tabaco\u201d nos comparte tres recomendaciones para lograrlo y desde la Intendencia nos unimos a esta iniciativa compartiendo el siguiente mensaje.<\/p>\n\n\n\n<p>1 \u2013 Reunirse quienes conviven en el mismo hogar y hacer una lista de las razones que los motiva y el por qu\u00e9 puede ser beneficioso para ellos<\/p>\n\n\n\n<p>2 \u2013 Conversar sobre a qu\u00e9 lugares al aire libre pueden ir los fumadores cuando necesiten fumar. Es necesario quitar los ceniceros dentro de la casa.<\/p>\n\n\n\n<p>3 \u2013 Elegir una fecha de inicio. Mantener la casa sin humo de tabaco no siempre es f\u00e1cil, esta tarea ser\u00e1 un proceso continuo.<\/p>\n\n\n\n<h1 class=\"wp-block-heading\"><\/h1>\n\n\n\n<p><\/p>\n","protected":false},"excerpt":{"rendered":"<p>Muchos hogares uruguayos ya son 100% libres de humo de trabaco, pero otros a\u00fan no, por eso la Comisi\u00f3n Honoraria de Lucha Contra el C\u00e1ncer, en el \u201cD\u00eda Mundial Sin Humo de Tabaco\u201d nos comparte tres recomendaciones para lograrlo y desde la Intendencia nos unimos a esta iniciativa compartiendo el siguiente mensaje.<\/p>\n","protected":false},"author":3,"featured_media":8107,"comment_status":"open","ping_status":"open","sticky":false,"template":"","format":"standard","meta":{"_eb_attr":"","footnotes":""},"categories":[16],"tags":[],"class_list":{"0":"post-8106","1":"post","2":"type-post","3":"status-publish","4":"format-standard","5":"has-post-thumbnail","7":"category-noticias"},"_links":{"self":[{"href":"https:\/\/tacuarembo.gub.uy\/index.php?rest_route=\/wp\/v2\/posts\/8106","targetHints":{"allow":["GET"]}}],"collection":[{"href":"https:\/\/tacuarembo.gub.uy\/index.php?rest_route=\/wp\/v2\/posts"}],"about":[{"href":"https:\/\/tacuarembo.gub.uy\/index.php?rest_route=\/wp\/v2\/types\/post"}],"author":[{"embeddable":true,"href":"https:\/\/tacuarembo.gub.uy\/index.php?rest_route=\/wp\/v2\/users\/3"}],"replies":[{"embeddable":true,"href":"https:\/\/tacuarembo.gub.uy\/index.php?rest_route=%2Fwp%2Fv2%2Fcomments&post=8106"}],"version-history":[{"count":1,"href":"https:\/\/tacuarembo.gub.uy\/index.php?rest_route=\/wp\/v2\/posts\/8106\/revisions"}],"predecessor-version":[{"id":8108,"href":"https:\/\/tacuarembo.gub.uy\/index.php?rest_route=\/wp\/v2\/posts\/8106\/revisions\/8108"}],"wp:featuredmedia":[{"embeddable":true,"href":"https:\/\/tacuarembo.gub.uy\/index.php?rest_route=\/wp\/v2\/media\/8107"}],"wp:attachment":[{"href":"https:\/\/tacuarembo.gub.uy\/index.php?rest_route=%2Fwp%2Fv2%2Fmedia&parent=8106"}],"wp:term":[{"taxonomy":"category","embeddable":true,"href":"https:\/\/tacuarembo.gub.uy\/index.php?rest_route=%2Fwp%2Fv2%2Fcategories&post=8106"},{"taxonomy":"post_tag","embeddable":true,"href":"https:\/\/tacuarembo.gub.uy\/index.php?rest_route=%2Fwp%2Fv2%2Ftags&post=8106"}],"curies":[{"name":"wp","href":"https:\/\/api.w.org\/{rel}","templated":true}]}}