{"id":8103,"date":"2020-05-29T21:11:53","date_gmt":"2020-05-30T00:11:53","guid":{"rendered":"https:\/\/tacuarembo.gub.uy\/?p=8103"},"modified":"2020-06-02T09:23:53","modified_gmt":"2020-06-02T12:23:53","slug":"semana-del-libro-virtual","status":"publish","type":"post","link":"https:\/\/tacuarembo.gub.uy\/?p=8103","title":{"rendered":"Semana del Libro Virtual"},"content":{"rendered":"\n<p>Cerrando la Semana del Libro virtual al no poder realizarse actividades presenciales por el Covid 19, le contamos que este a\u00f1o se realiz\u00f3 una marat\u00f3n virtual con la participaci\u00f3n de ni\u00f1os y docentes de la Casa de la Cultura, quienes compartieron fragmentos de textos y recomendaron libros. Todos los a\u00f1os, se le rinde homenaje a un poeta, este a\u00f1o el elegido fue el escritor Polanque\u00f1o, Enrique Amado Mello. La fecha sirve para recordar la creaci\u00f3n de la primera Biblioteca P\u00fablica en Uruguay en el a\u00f1o 1816 ubicada en aquel entonces en El fuerte de Montevideo (actual Plaza Zabala).<\/p>\n\n\n\n<p><\/p>\n\n\n\n<iframe loading=\"lazy\" width=\"729\" height=\"410\" src=\"https:\/\/www.youtube.com\/embed\/j76VVuHaMU4\" frameborder=\"0\" allow=\"accelerometer; autoplay; encrypted-media; gyroscope; picture-in-picture\" allowfullscreen><\/iframe>\n","protected":false},"excerpt":{"rendered":"<p>Cerrando la Semana del Libro virtual al no poder realizarse actividades presenciales por el Covid 19, le contamos que este a\u00f1o se realiz\u00f3 una marat\u00f3n virtual con la participaci\u00f3n de ni\u00f1os y docentes de la Casa de la Cultura, quienes compartieron fragmentos de textos y recomendaron libros<\/p>\n","protected":false},"author":3,"featured_media":8104,"comment_status":"open","ping_status":"open","sticky":false,"template":"","format":"standard","meta":{"_eb_attr":"","footnotes":""},"categories":[16],"tags":[],"class_list":{"0":"post-8103","1":"post","2":"type-post","3":"status-publish","4":"format-standard","5":"has-post-thumbnail","7":"category-noticias"},"_links":{"self":[{"href":"https:\/\/tacuarembo.gub.uy\/index.php?rest_route=\/wp\/v2\/posts\/8103","targetHints":{"allow":["GET"]}}],"collection":[{"href":"https:\/\/tacuarembo.gub.uy\/index.php?rest_route=\/wp\/v2\/posts"}],"about":[{"href":"https:\/\/tacuarembo.gub.uy\/index.php?rest_route=\/wp\/v2\/types\/post"}],"author":[{"embeddable":true,"href":"https:\/\/tacuarembo.gub.uy\/index.php?rest_route=\/wp\/v2\/users\/3"}],"replies":[{"embeddable":true,"href":"https:\/\/tacuarembo.gub.uy\/index.php?rest_route=%2Fwp%2Fv2%2Fcomments&post=8103"}],"version-history":[{"count":2,"href":"https:\/\/tacuarembo.gub.uy\/index.php?rest_route=\/wp\/v2\/posts\/8103\/revisions"}],"predecessor-version":[{"id":8116,"href":"https:\/\/tacuarembo.gub.uy\/index.php?rest_route=\/wp\/v2\/posts\/8103\/revisions\/8116"}],"wp:featuredmedia":[{"embeddable":true,"href":"https:\/\/tacuarembo.gub.uy\/index.php?rest_route=\/wp\/v2\/media\/8104"}],"wp:attachment":[{"href":"https:\/\/tacuarembo.gub.uy\/index.php?rest_route=%2Fwp%2Fv2%2Fmedia&parent=8103"}],"wp:term":[{"taxonomy":"category","embeddable":true,"href":"https:\/\/tacuarembo.gub.uy\/index.php?rest_route=%2Fwp%2Fv2%2Fcategories&post=8103"},{"taxonomy":"post_tag","embeddable":true,"href":"https:\/\/tacuarembo.gub.uy\/index.php?rest_route=%2Fwp%2Fv2%2Ftags&post=8103"}],"curies":[{"name":"wp","href":"https:\/\/api.w.org\/{rel}","templated":true}]}}