{"id":8076,"date":"2020-05-26T18:44:02","date_gmt":"2020-05-26T21:44:02","guid":{"rendered":"https:\/\/tacuarembo.gub.uy\/?p=8076"},"modified":"2020-05-26T18:44:02","modified_gmt":"2020-05-26T21:44:02","slug":"el-intendente-recibe-a-la-lic-cecilia-sena-directora-del-programa-uruguay-crece-contigo-del-mides-hora-16-compartimos-su-agenda-en-tacuarembo","status":"publish","type":"post","link":"https:\/\/tacuarembo.gub.uy\/?p=8076","title":{"rendered":"El Intendente recibe a la Lic. Cecilia Sena, Directora del Programa Uruguay Crece Contigo del MIDES. Hora 16. Compartimos su agenda en Tacuaremb\u00f3"},"content":{"rendered":"\n<p>Visita de la Directora Nacional de Uruguay Crece Contigo:<br>-9:00hrs reuni\u00f3n con el equipo de Uruguay Crece Contigo y el equipo de direcci\u00f3n en la Oficina Territorial de Tacuaremb\u00f3.<br>-10:00hrs Conferencia de Prensa en OT.<br>-11:00hrs Entrega de kits de UNICEF a una de las familias beneficiarias.<br>-14:30hrs reuni\u00f3n con Dra. Jacqueline G\u00f3mez de la Red de Atenci\u00f3n Primaria de ASSE.<br>-16:00hrs reuni\u00f3n con Intendente Departamental Jos\u00e9 O. Men\u00e9ndez en su despacho.<\/p>\n","protected":false},"excerpt":{"rendered":"<p>Visita de la Directora Nacional de Uruguay Crece Contigo:<br \/>\n-9:00hrs reuni\u00f3n con el equipo de Uruguay Crece Contigo y el equipo de direcci\u00f3n en la Oficina Territorial de Tacuaremb\u00f3.<br \/>\n-10:00hrs Conferencia de Prensa en OT.<br \/>\n-11:00hrs Entrega de kits de UNICEF a una de las familias beneficiarias.<br \/>\n-14:30hrs reuni\u00f3n con Dra. Jacqueline G\u00f3mez de la Red de Atenci\u00f3n Primaria de ASSE.<br \/>\n-16:00hrs reuni\u00f3n con Intendente Departamental Jos\u00e9 O. Men\u00e9ndez en su despacho.<\/p>\n","protected":false},"author":3,"featured_media":0,"comment_status":"open","ping_status":"open","sticky":false,"template":"","format":"standard","meta":{"_eb_attr":"","footnotes":""},"categories":[17],"tags":[],"class_list":{"0":"post-8076","1":"post","2":"type-post","3":"status-publish","4":"format-standard","6":"category-actividades"},"_links":{"self":[{"href":"https:\/\/tacuarembo.gub.uy\/index.php?rest_route=\/wp\/v2\/posts\/8076","targetHints":{"allow":["GET"]}}],"collection":[{"href":"https:\/\/tacuarembo.gub.uy\/index.php?rest_route=\/wp\/v2\/posts"}],"about":[{"href":"https:\/\/tacuarembo.gub.uy\/index.php?rest_route=\/wp\/v2\/types\/post"}],"author":[{"embeddable":true,"href":"https:\/\/tacuarembo.gub.uy\/index.php?rest_route=\/wp\/v2\/users\/3"}],"replies":[{"embeddable":true,"href":"https:\/\/tacuarembo.gub.uy\/index.php?rest_route=%2Fwp%2Fv2%2Fcomments&post=8076"}],"version-history":[{"count":1,"href":"https:\/\/tacuarembo.gub.uy\/index.php?rest_route=\/wp\/v2\/posts\/8076\/revisions"}],"predecessor-version":[{"id":8077,"href":"https:\/\/tacuarembo.gub.uy\/index.php?rest_route=\/wp\/v2\/posts\/8076\/revisions\/8077"}],"wp:attachment":[{"href":"https:\/\/tacuarembo.gub.uy\/index.php?rest_route=%2Fwp%2Fv2%2Fmedia&parent=8076"}],"wp:term":[{"taxonomy":"category","embeddable":true,"href":"https:\/\/tacuarembo.gub.uy\/index.php?rest_route=%2Fwp%2Fv2%2Fcategories&post=8076"},{"taxonomy":"post_tag","embeddable":true,"href":"https:\/\/tacuarembo.gub.uy\/index.php?rest_route=%2Fwp%2Fv2%2Ftags&post=8076"}],"curies":[{"name":"wp","href":"https:\/\/api.w.org\/{rel}","templated":true}]}}