{"id":8073,"date":"2020-05-26T18:42:30","date_gmt":"2020-05-26T21:42:30","guid":{"rendered":"https:\/\/tacuarembo.gub.uy\/?p=8073"},"modified":"2020-05-26T18:42:30","modified_gmt":"2020-05-26T21:42:30","slug":"visita-de-la-dir-programa-uruguay-crece-contigo","status":"publish","type":"post","link":"https:\/\/tacuarembo.gub.uy\/?p=8073","title":{"rendered":"Visita de la Dir. Programa Uruguay Crece Contigo"},"content":{"rendered":"\n<p>El Intendente Dr. Jos\u00e9 Omar Men\u00e9ndez recibir\u00e1 ma\u00f1ana 27 de mayo, a la hora 16:00 en el despacho principal, a la Dir. del Prograa Uruguay Crece Contigo del Mides, Lic. Cecilia Sena. Las actividades que mantendr\u00e1 en la oficina del Mides, 25 de mayo 63 ser\u00e1n las siguientes: Hora 09:00 reuni\u00f3n con el Equipo de Direcci\u00f3n, Hora 10:00 Conferencia de Prensa, Hora 11:00 entrega de kits de Unicef a una de las familias beneficiarias, Hora 14:30 reuni\u00f3n con la Dra. Jacqueline G\u00f3mez de la Red Atenci\u00f3n Primaria de ASSE y finalmente a la hora 16:00 con el Se\u00f1or Intendente Dr. Men\u00e9ndez en la Intendencia.<\/p>\n","protected":false},"excerpt":{"rendered":"<p>El Intendente Dr. Jos\u00e9 Omar Men\u00e9ndez recibir\u00e1 ma\u00f1ana 27 de mayo, a la hora 16:00 en el despacho principal, a la Dir. del Prograa Uruguay Crece Contigo del Mides, Lic. Cecilia Sena<\/p>\n","protected":false},"author":3,"featured_media":8074,"comment_status":"open","ping_status":"open","sticky":false,"template":"","format":"standard","meta":{"_eb_attr":"","footnotes":""},"categories":[16],"tags":[],"class_list":{"0":"post-8073","1":"post","2":"type-post","3":"status-publish","4":"format-standard","5":"has-post-thumbnail","7":"category-noticias"},"_links":{"self":[{"href":"https:\/\/tacuarembo.gub.uy\/index.php?rest_route=\/wp\/v2\/posts\/8073","targetHints":{"allow":["GET"]}}],"collection":[{"href":"https:\/\/tacuarembo.gub.uy\/index.php?rest_route=\/wp\/v2\/posts"}],"about":[{"href":"https:\/\/tacuarembo.gub.uy\/index.php?rest_route=\/wp\/v2\/types\/post"}],"author":[{"embeddable":true,"href":"https:\/\/tacuarembo.gub.uy\/index.php?rest_route=\/wp\/v2\/users\/3"}],"replies":[{"embeddable":true,"href":"https:\/\/tacuarembo.gub.uy\/index.php?rest_route=%2Fwp%2Fv2%2Fcomments&post=8073"}],"version-history":[{"count":1,"href":"https:\/\/tacuarembo.gub.uy\/index.php?rest_route=\/wp\/v2\/posts\/8073\/revisions"}],"predecessor-version":[{"id":8075,"href":"https:\/\/tacuarembo.gub.uy\/index.php?rest_route=\/wp\/v2\/posts\/8073\/revisions\/8075"}],"wp:featuredmedia":[{"embeddable":true,"href":"https:\/\/tacuarembo.gub.uy\/index.php?rest_route=\/wp\/v2\/media\/8074"}],"wp:attachment":[{"href":"https:\/\/tacuarembo.gub.uy\/index.php?rest_route=%2Fwp%2Fv2%2Fmedia&parent=8073"}],"wp:term":[{"taxonomy":"category","embeddable":true,"href":"https:\/\/tacuarembo.gub.uy\/index.php?rest_route=%2Fwp%2Fv2%2Fcategories&post=8073"},{"taxonomy":"post_tag","embeddable":true,"href":"https:\/\/tacuarembo.gub.uy\/index.php?rest_route=%2Fwp%2Fv2%2Ftags&post=8073"}],"curies":[{"name":"wp","href":"https:\/\/api.w.org\/{rel}","templated":true}]}}