{"id":7396,"date":"2020-03-18T20:05:51","date_gmt":"2020-03-18T23:05:51","guid":{"rendered":"https:\/\/tacuarembo.gub.uy\/?p=7396"},"modified":"2020-03-19T19:54:02","modified_gmt":"2020-03-19T22:54:02","slug":"aferta-suspendio-las-ferias-ante-la-emergencia-sanitaria","status":"publish","type":"post","link":"https:\/\/tacuarembo.gub.uy\/?p=7396","title":{"rendered":"Aferta suspendi\u00f3 las Ferias ante la Emergencia Sanitaria"},"content":{"rendered":"\n<p>Desde la IDT se advierte que est\u00e1 prohibida la colocaci\u00f3n de puestos ambulantes en Avenida Oribe  y en otras zonas de la ciudad. En caso de no cumplimiento ser\u00e1n notificados por personal de la Jefatura de Policia.<\/p>\n\n\n\n<figure class=\"wp-block-image size-full\"><img loading=\"lazy\" decoding=\"async\" width=\"960\" height=\"540\" src=\"https:\/\/tacuarembo.gub.uy\/wp-content\/uploads\/WhatsApp-Image-2020-03-18-at-19.57.201.jpeg\" alt=\"\" class=\"wp-image-7397\" srcset=\"https:\/\/tacuarembo.gub.uy\/wp-content\/uploads\/WhatsApp-Image-2020-03-18-at-19.57.201.jpeg 960w, https:\/\/tacuarembo.gub.uy\/wp-content\/uploads\/WhatsApp-Image-2020-03-18-at-19.57.201-768x432.jpeg 768w\" sizes=\"auto, (max-width: 960px) 100vw, 960px\" \/><\/figure>\n\n\n\n<figure class=\"wp-block-image size-full\"><img loading=\"lazy\" decoding=\"async\" width=\"540\" height=\"960\" src=\"https:\/\/tacuarembo.gub.uy\/wp-content\/uploads\/WhatsApp-Image-2020-03-18-at-19.57.20-1.jpeg\" alt=\"\" class=\"wp-image-7399\"\/><\/figure>\n","protected":false},"excerpt":{"rendered":"<p>Desde la IDT se advierte que est\u00e1 prohibida la colocaci\u00f3n de puestos ambulantes en Avenida Oribe  y en otras zonas de la ciudad.<\/p>\n","protected":false},"author":3,"featured_media":7400,"comment_status":"open","ping_status":"open","sticky":false,"template":"","format":"standard","meta":{"_eb_attr":"","footnotes":""},"categories":[16],"tags":[],"class_list":{"0":"post-7396","1":"post","2":"type-post","3":"status-publish","4":"format-standard","5":"has-post-thumbnail","7":"category-noticias"},"_links":{"self":[{"href":"https:\/\/tacuarembo.gub.uy\/index.php?rest_route=\/wp\/v2\/posts\/7396","targetHints":{"allow":["GET"]}}],"collection":[{"href":"https:\/\/tacuarembo.gub.uy\/index.php?rest_route=\/wp\/v2\/posts"}],"about":[{"href":"https:\/\/tacuarembo.gub.uy\/index.php?rest_route=\/wp\/v2\/types\/post"}],"author":[{"embeddable":true,"href":"https:\/\/tacuarembo.gub.uy\/index.php?rest_route=\/wp\/v2\/users\/3"}],"replies":[{"embeddable":true,"href":"https:\/\/tacuarembo.gub.uy\/index.php?rest_route=%2Fwp%2Fv2%2Fcomments&post=7396"}],"version-history":[{"count":2,"href":"https:\/\/tacuarembo.gub.uy\/index.php?rest_route=\/wp\/v2\/posts\/7396\/revisions"}],"predecessor-version":[{"id":7414,"href":"https:\/\/tacuarembo.gub.uy\/index.php?rest_route=\/wp\/v2\/posts\/7396\/revisions\/7414"}],"wp:featuredmedia":[{"embeddable":true,"href":"https:\/\/tacuarembo.gub.uy\/index.php?rest_route=\/wp\/v2\/media\/7400"}],"wp:attachment":[{"href":"https:\/\/tacuarembo.gub.uy\/index.php?rest_route=%2Fwp%2Fv2%2Fmedia&parent=7396"}],"wp:term":[{"taxonomy":"category","embeddable":true,"href":"https:\/\/tacuarembo.gub.uy\/index.php?rest_route=%2Fwp%2Fv2%2Fcategories&post=7396"},{"taxonomy":"post_tag","embeddable":true,"href":"https:\/\/tacuarembo.gub.uy\/index.php?rest_route=%2Fwp%2Fv2%2Ftags&post=7396"}],"curies":[{"name":"wp","href":"https:\/\/api.w.org\/{rel}","templated":true}]}}