{"id":7308,"date":"2020-03-15T12:55:06","date_gmt":"2020-03-15T15:55:06","guid":{"rendered":"https:\/\/tacuarembo.gub.uy\/?p=7308"},"modified":"2020-03-15T12:55:06","modified_gmt":"2020-03-15T15:55:06","slug":"comite-departamental-de-energencia","status":"publish","type":"post","link":"https:\/\/tacuarembo.gub.uy\/?p=7308","title":{"rendered":"Comit\u00e9 Departamental de Energencia"},"content":{"rendered":"\n<p>El Comit\u00e9 Departamental de Emergencia reunido en el d\u00eda de la fecha en el marco del cambio de fase en la propagaci\u00f3n del Coronavirus (Covid 19) en nuestro pa\u00eds, se declara en sesi\u00f3n permanente.<br>\nDe acuerdo a las medidas adoptadas por el SINAE, se resuelve:<br>\n1 \u2013 Suspender todos los espect\u00e1culos p\u00fablicos en espacios abiertos o cerrados.<br>\n2 \u2013 Exhortar a los ciudadanos, evitar desplazamientos innecesarios.<br>\n3 \u2013 Solicitar a la poblaci\u00f3n extremar las medidas y adoptar conductas responsables con relaci\u00f3n a eventos de cualquier naturaleza a realizarse en espacios privados.<br>\n4 \u2013 Suspender las autorizaciones ya otorgadas para la realizaci\u00f3n de actividades.<br>\n5\u2013 Exhortar a las personas que viajaron y llegaron al pa\u00eds en los \u00faltimos 14 d\u00edas procedentes de los pa\u00edses afectados, a comunicarse con su prestador de salud y a limitar su actividad social.<br>\n6 \u2013 Se respaldan las decisiones tomadas por las instituciones de salud del departamento.<br>\n7 \u2013 Se recomienda no realizar compras masivas ya que el abastecimiento est\u00e1 asegurado en el pa\u00eds.<br>\nEl Comit\u00e9 de Emergencia y el Gobierno de Tacuaremb\u00f3, har\u00e1n efectivas las medidas y se controlar\u00e1 su cumplimiento con servicios propios y del Ministerio del Interior.   <\/p>\n\n\n\n<p>La pr\u00f3xima reuni\u00f3n ser\u00e1 este martes a las 19 horas.<\/p>\n\n\n\n<figure class=\"wp-block-image\"><img loading=\"lazy\" decoding=\"async\" width=\"800\" height=\"420\" src=\"https:\/\/tacuarembo.gub.uy\/wp-content\/uploads\/WhatsApp-Image-2020-03-15-at-12.52.371-800x420.jpeg\" alt=\"\" class=\"wp-image-7309\"\/><\/figure>\n\n\n\n<figure class=\"wp-block-image size-large\"><img loading=\"lazy\" decoding=\"async\" width=\"800\" height=\"420\" src=\"https:\/\/tacuarembo.gub.uy\/wp-content\/uploads\/WhatsApp-Image-2020-03-15-at-12.52.37-1-800x420.jpeg\" alt=\"\" class=\"wp-image-7311\"\/><\/figure>\n\n\n\n<figure class=\"wp-block-image size-large\"><img loading=\"lazy\" decoding=\"async\" width=\"800\" height=\"420\" src=\"https:\/\/tacuarembo.gub.uy\/wp-content\/uploads\/WhatsApp-Image-2020-03-15-at-12.52.362-800x420.jpeg\" alt=\"\" class=\"wp-image-7312\"\/><\/figure>\n\n\n\n<figure class=\"wp-block-image size-large\"><img loading=\"lazy\" decoding=\"async\" width=\"800\" height=\"420\" src=\"https:\/\/tacuarembo.gub.uy\/wp-content\/uploads\/WhatsApp-Image-2020-03-15-at-12.52.361-800x420.jpeg\" alt=\"\" class=\"wp-image-7313\"\/><\/figure>\n\n\n\n<figure class=\"wp-block-image size-large\"><img loading=\"lazy\" decoding=\"async\" width=\"800\" height=\"420\" src=\"https:\/\/tacuarembo.gub.uy\/wp-content\/uploads\/WhatsApp-Image-2020-03-15-at-12.52.36-800x420.jpeg\" alt=\"\" class=\"wp-image-7314\"\/><\/figure>\n","protected":false},"excerpt":{"rendered":"<p>El Comit\u00e9 Departamental de Emergencia reunido en el d\u00eda de la fecha en el marco del cambio de fase en la propagaci\u00f3n del Coronavirus (Covid 19) en nuestro pa\u00eds, se declara en sesi\u00f3n permanente<\/p>\n","protected":false},"author":3,"featured_media":7317,"comment_status":"open","ping_status":"open","sticky":false,"template":"","format":"standard","meta":{"_eb_attr":"","footnotes":""},"categories":[16],"tags":[],"class_list":{"0":"post-7308","1":"post","2":"type-post","3":"status-publish","4":"format-standard","5":"has-post-thumbnail","7":"category-noticias"},"_links":{"self":[{"href":"https:\/\/tacuarembo.gub.uy\/index.php?rest_route=\/wp\/v2\/posts\/7308","targetHints":{"allow":["GET"]}}],"collection":[{"href":"https:\/\/tacuarembo.gub.uy\/index.php?rest_route=\/wp\/v2\/posts"}],"about":[{"href":"https:\/\/tacuarembo.gub.uy\/index.php?rest_route=\/wp\/v2\/types\/post"}],"author":[{"embeddable":true,"href":"https:\/\/tacuarembo.gub.uy\/index.php?rest_route=\/wp\/v2\/users\/3"}],"replies":[{"embeddable":true,"href":"https:\/\/tacuarembo.gub.uy\/index.php?rest_route=%2Fwp%2Fv2%2Fcomments&post=7308"}],"version-history":[{"count":1,"href":"https:\/\/tacuarembo.gub.uy\/index.php?rest_route=\/wp\/v2\/posts\/7308\/revisions"}],"predecessor-version":[{"id":7318,"href":"https:\/\/tacuarembo.gub.uy\/index.php?rest_route=\/wp\/v2\/posts\/7308\/revisions\/7318"}],"wp:featuredmedia":[{"embeddable":true,"href":"https:\/\/tacuarembo.gub.uy\/index.php?rest_route=\/wp\/v2\/media\/7317"}],"wp:attachment":[{"href":"https:\/\/tacuarembo.gub.uy\/index.php?rest_route=%2Fwp%2Fv2%2Fmedia&parent=7308"}],"wp:term":[{"taxonomy":"category","embeddable":true,"href":"https:\/\/tacuarembo.gub.uy\/index.php?rest_route=%2Fwp%2Fv2%2Fcategories&post=7308"},{"taxonomy":"post_tag","embeddable":true,"href":"https:\/\/tacuarembo.gub.uy\/index.php?rest_route=%2Fwp%2Fv2%2Ftags&post=7308"}],"curies":[{"name":"wp","href":"https:\/\/api.w.org\/{rel}","templated":true}]}}