{"id":7297,"date":"2020-03-14T22:11:28","date_gmt":"2020-03-15T01:11:28","guid":{"rendered":"https:\/\/tacuarembo.gub.uy\/?p=7297"},"modified":"2020-03-14T22:11:28","modified_gmt":"2020-03-15T01:11:28","slug":"coronavirus-intendentes-se-reunieron-en-durazno","status":"publish","type":"post","link":"https:\/\/tacuarembo.gub.uy\/?p=7297","title":{"rendered":"Coronavirus, Intendentes se reunieron en Durazno"},"content":{"rendered":"\n<p>El Intendente Dr. Jos\u00e9 O. Men\u00e9ndez particip\u00f3 de la reuni\u00f3n de planificaci\u00f3n de acciones ante el avance del Coronavirus realizada en Durazno, entre el Comit\u00e9 Nacional de Emergencia y el Congreso Nacional de Intendentes. All\u00ed se anunci\u00f3 la suspensi\u00f3n de las clases en todos los niveles durante 14 d\u00edas y se habilit\u00f3 la l\u00ednea 0800 1919  con consulta medica online.Hasta el momento son 6 los casos en el pais, 4 en Montevideo y dos en Salto de los cuales 5 est\u00e1n internados en domicilio y uno en sanatorio y su estado de salud es estable.<\/p>\n\n\n\n<figure class=\"wp-block-image\"><img loading=\"lazy\" decoding=\"async\" width=\"800\" height=\"420\" src=\"https:\/\/tacuarembo.gub.uy\/wp-content\/uploads\/AE754DF9-8F65-4F3A-8823-FE8EB7293CC0-800x420.jpeg\" alt=\"\" class=\"wp-image-7298\"\/><\/figure>\n\n\n\n<figure class=\"wp-block-image\"><img loading=\"lazy\" decoding=\"async\" width=\"800\" height=\"420\" src=\"https:\/\/tacuarembo.gub.uy\/wp-content\/uploads\/0A8589CA-6C85-4DF6-93B5-7290AD487AC1-800x420.jpeg\" alt=\"\" class=\"wp-image-7299\"\/><\/figure>\n\n\n\n<figure class=\"wp-block-image\"><img loading=\"lazy\" decoding=\"async\" width=\"800\" height=\"420\" src=\"https:\/\/tacuarembo.gub.uy\/wp-content\/uploads\/6B225CF5-539C-44F7-B790-BF6242F9B420-800x420.jpeg\" alt=\"\" class=\"wp-image-7300\"\/><\/figure>\n\n\n\n<figure class=\"wp-block-image\"><img loading=\"lazy\" decoding=\"async\" width=\"800\" height=\"420\" src=\"https:\/\/tacuarembo.gub.uy\/wp-content\/uploads\/FF490D90-3694-4837-A90F-A15B3911DB9F-800x420.jpeg\" alt=\"\" class=\"wp-image-7301\"\/><\/figure>\n\n\n\n<figure class=\"wp-block-image\"><img loading=\"lazy\" decoding=\"async\" width=\"800\" height=\"420\" src=\"https:\/\/tacuarembo.gub.uy\/wp-content\/uploads\/8C839C5E-64A6-4454-BFC0-D0171413027F-800x420.jpeg\" alt=\"\" class=\"wp-image-7302\"\/><\/figure>\n\n\n\n<figure class=\"wp-block-image size-large\"><img loading=\"lazy\" decoding=\"async\" width=\"800\" height=\"420\" src=\"https:\/\/tacuarembo.gub.uy\/wp-content\/uploads\/B33FE70D-F088-451E-88AB-34EE027BDE91-1-800x420.jpeg\" alt=\"\" class=\"wp-image-7304\"\/><\/figure>\n","protected":false},"excerpt":{"rendered":"<p>El Intendente Dr. Jos\u00e9 O. Men\u00e9ndez particip\u00f3 de la reuni\u00f3n de planificaci\u00f3n de acciones ante el avance del Coronavirus realizada en Durazno, entre el Comit\u00e9 Nacional de Emergencia y el Congreso Nacional de Intendentes. <\/p>\n","protected":false},"author":3,"featured_media":7303,"comment_status":"open","ping_status":"open","sticky":false,"template":"","format":"standard","meta":{"_eb_attr":"","footnotes":""},"categories":[16],"tags":[],"class_list":{"0":"post-7297","1":"post","2":"type-post","3":"status-publish","4":"format-standard","5":"has-post-thumbnail","7":"category-noticias"},"_links":{"self":[{"href":"https:\/\/tacuarembo.gub.uy\/index.php?rest_route=\/wp\/v2\/posts\/7297","targetHints":{"allow":["GET"]}}],"collection":[{"href":"https:\/\/tacuarembo.gub.uy\/index.php?rest_route=\/wp\/v2\/posts"}],"about":[{"href":"https:\/\/tacuarembo.gub.uy\/index.php?rest_route=\/wp\/v2\/types\/post"}],"author":[{"embeddable":true,"href":"https:\/\/tacuarembo.gub.uy\/index.php?rest_route=\/wp\/v2\/users\/3"}],"replies":[{"embeddable":true,"href":"https:\/\/tacuarembo.gub.uy\/index.php?rest_route=%2Fwp%2Fv2%2Fcomments&post=7297"}],"version-history":[{"count":1,"href":"https:\/\/tacuarembo.gub.uy\/index.php?rest_route=\/wp\/v2\/posts\/7297\/revisions"}],"predecessor-version":[{"id":7305,"href":"https:\/\/tacuarembo.gub.uy\/index.php?rest_route=\/wp\/v2\/posts\/7297\/revisions\/7305"}],"wp:featuredmedia":[{"embeddable":true,"href":"https:\/\/tacuarembo.gub.uy\/index.php?rest_route=\/wp\/v2\/media\/7303"}],"wp:attachment":[{"href":"https:\/\/tacuarembo.gub.uy\/index.php?rest_route=%2Fwp%2Fv2%2Fmedia&parent=7297"}],"wp:term":[{"taxonomy":"category","embeddable":true,"href":"https:\/\/tacuarembo.gub.uy\/index.php?rest_route=%2Fwp%2Fv2%2Fcategories&post=7297"},{"taxonomy":"post_tag","embeddable":true,"href":"https:\/\/tacuarembo.gub.uy\/index.php?rest_route=%2Fwp%2Fv2%2Ftags&post=7297"}],"curies":[{"name":"wp","href":"https:\/\/api.w.org\/{rel}","templated":true}]}}