{"id":7286,"date":"2020-03-13T23:31:28","date_gmt":"2020-03-14T02:31:28","guid":{"rendered":"https:\/\/tacuarembo.gub.uy\/?p=7286"},"modified":"2020-03-14T08:41:43","modified_gmt":"2020-03-14T11:41:43","slug":"conoravirus-emergencia-sanitaria","status":"publish","type":"post","link":"https:\/\/tacuarembo.gub.uy\/?p=7286","title":{"rendered":"Conoravirus, emergencia sanitaria"},"content":{"rendered":"\n<p>La Intendencia de Tacuaremb\u00f3 comunica que en virtud de la emergencia sanitaria declarada por el Gobierno Nacional ante el avance del coronavirus; que aplicando la resoluci\u00f3n, se reitera la suspensi\u00f3n de todos los espect\u00e1culos p\u00fablicos. La situaci\u00f3n es monitoreada de forma permanente a trav\u00e9s del trabajo del Comit\u00e9 de Emergencia que se reunir\u00e1 este s\u00e1bado en Durazno junto al Congreso Nacional de Intendentes con la presencia del Ministro de Salud, Daniel Salinas y el Secretario de la Presidencia, Alvaro Delgado.El Intendente Departamental Dr. Jos\u00e9 O. Men\u00e9ndez asistir\u00e1 a tan importante encuentro de planificaci\u00f3n estrat\u00e9gica en el marco del Plan Nacional que se puso en marcha.<\/p>\n\n\n\n<figure class=\"wp-block-image size-full\"><img loading=\"lazy\" decoding=\"async\" width=\"750\" height=\"710\" src=\"https:\/\/tacuarembo.gub.uy\/wp-content\/uploads\/54F95522-344F-4B5B-8B97-7B0D30B925C7.jpeg\" alt=\"\" class=\"wp-image-7289\"\/><\/figure>\n","protected":false},"excerpt":{"rendered":"<p>La Intendencia de Tacuaremb\u00f3 comunica que en virtud de la emergencia sanitaria declarada por el Gobierno Nacional ante el avance del coronavirus; que aplicando la resoluci\u00f3n, se reitera la suspensi\u00f3n de todos los espect\u00e1culos p\u00fablicos<\/p>\n","protected":false},"author":3,"featured_media":7287,"comment_status":"open","ping_status":"open","sticky":false,"template":"","format":"standard","meta":{"_eb_attr":"","footnotes":""},"categories":[16],"tags":[],"class_list":{"0":"post-7286","1":"post","2":"type-post","3":"status-publish","4":"format-standard","5":"has-post-thumbnail","7":"category-noticias"},"_links":{"self":[{"href":"https:\/\/tacuarembo.gub.uy\/index.php?rest_route=\/wp\/v2\/posts\/7286","targetHints":{"allow":["GET"]}}],"collection":[{"href":"https:\/\/tacuarembo.gub.uy\/index.php?rest_route=\/wp\/v2\/posts"}],"about":[{"href":"https:\/\/tacuarembo.gub.uy\/index.php?rest_route=\/wp\/v2\/types\/post"}],"author":[{"embeddable":true,"href":"https:\/\/tacuarembo.gub.uy\/index.php?rest_route=\/wp\/v2\/users\/3"}],"replies":[{"embeddable":true,"href":"https:\/\/tacuarembo.gub.uy\/index.php?rest_route=%2Fwp%2Fv2%2Fcomments&post=7286"}],"version-history":[{"count":2,"href":"https:\/\/tacuarembo.gub.uy\/index.php?rest_route=\/wp\/v2\/posts\/7286\/revisions"}],"predecessor-version":[{"id":7290,"href":"https:\/\/tacuarembo.gub.uy\/index.php?rest_route=\/wp\/v2\/posts\/7286\/revisions\/7290"}],"wp:featuredmedia":[{"embeddable":true,"href":"https:\/\/tacuarembo.gub.uy\/index.php?rest_route=\/wp\/v2\/media\/7287"}],"wp:attachment":[{"href":"https:\/\/tacuarembo.gub.uy\/index.php?rest_route=%2Fwp%2Fv2%2Fmedia&parent=7286"}],"wp:term":[{"taxonomy":"category","embeddable":true,"href":"https:\/\/tacuarembo.gub.uy\/index.php?rest_route=%2Fwp%2Fv2%2Fcategories&post=7286"},{"taxonomy":"post_tag","embeddable":true,"href":"https:\/\/tacuarembo.gub.uy\/index.php?rest_route=%2Fwp%2Fv2%2Ftags&post=7286"}],"curies":[{"name":"wp","href":"https:\/\/api.w.org\/{rel}","templated":true}]}}