{"id":7280,"date":"2020-03-12T16:55:50","date_gmt":"2020-03-12T19:55:50","guid":{"rendered":"https:\/\/tacuarembo.gub.uy\/?p=7280"},"modified":"2020-03-12T16:55:50","modified_gmt":"2020-03-12T19:55:50","slug":"diseno-y-arte-textil-centro-barrio-7","status":"publish","type":"post","link":"https:\/\/tacuarembo.gub.uy\/?p=7280","title":{"rendered":"Dise\u00f1o y Arte Textil \u2013 Centro Barrio 7"},"content":{"rendered":"\n<p>La Dir. Gral. de Desarrollo Social informa a todos los interesados que el martes 17 de marzo, en horario de 09:00 a 17:00 horas en Centro de Barrio N\u00b0 7 \u201cLos Molles\u201d, se realizar\u00e1 una charla de presentaci\u00f3n para el curso de Dise\u00f1o y Arte Textil a cargo de la T\u00e9c.en Dise\u00f1o y Vestimenta Silvina Sima. Dado que los cupos son limitados, invitamos a que se informen sobre la propuesta en la misma, el mismo es para mayores de 15 a\u00f1os y se destaca que es gratuito, al finalizar la reuni\u00f3n se comenzar\u00e1 a recibir las inscripciones.<\/p>\n","protected":false},"excerpt":{"rendered":"<p>La Dir. Gral. de Desarrollo Social informa a todos los interesados que el martes 17 de marzo, en horario de 09:00 a 17:00 horas en Centro de Barrio N\u00b0 7 \u201cLos Molles\u201d, se realizar\u00e1 una charla de presentaci\u00f3n para el curso de Dise\u00f1o y Arte Textil a cargo de la T\u00e9c.en Dise\u00f1o y Vestimenta Silvina Sima<\/p>\n","protected":false},"author":3,"featured_media":7281,"comment_status":"open","ping_status":"open","sticky":false,"template":"","format":"standard","meta":{"_eb_attr":"","footnotes":""},"categories":[16],"tags":[],"class_list":{"0":"post-7280","1":"post","2":"type-post","3":"status-publish","4":"format-standard","5":"has-post-thumbnail","7":"category-noticias"},"_links":{"self":[{"href":"https:\/\/tacuarembo.gub.uy\/index.php?rest_route=\/wp\/v2\/posts\/7280","targetHints":{"allow":["GET"]}}],"collection":[{"href":"https:\/\/tacuarembo.gub.uy\/index.php?rest_route=\/wp\/v2\/posts"}],"about":[{"href":"https:\/\/tacuarembo.gub.uy\/index.php?rest_route=\/wp\/v2\/types\/post"}],"author":[{"embeddable":true,"href":"https:\/\/tacuarembo.gub.uy\/index.php?rest_route=\/wp\/v2\/users\/3"}],"replies":[{"embeddable":true,"href":"https:\/\/tacuarembo.gub.uy\/index.php?rest_route=%2Fwp%2Fv2%2Fcomments&post=7280"}],"version-history":[{"count":1,"href":"https:\/\/tacuarembo.gub.uy\/index.php?rest_route=\/wp\/v2\/posts\/7280\/revisions"}],"predecessor-version":[{"id":7282,"href":"https:\/\/tacuarembo.gub.uy\/index.php?rest_route=\/wp\/v2\/posts\/7280\/revisions\/7282"}],"wp:featuredmedia":[{"embeddable":true,"href":"https:\/\/tacuarembo.gub.uy\/index.php?rest_route=\/wp\/v2\/media\/7281"}],"wp:attachment":[{"href":"https:\/\/tacuarembo.gub.uy\/index.php?rest_route=%2Fwp%2Fv2%2Fmedia&parent=7280"}],"wp:term":[{"taxonomy":"category","embeddable":true,"href":"https:\/\/tacuarembo.gub.uy\/index.php?rest_route=%2Fwp%2Fv2%2Fcategories&post=7280"},{"taxonomy":"post_tag","embeddable":true,"href":"https:\/\/tacuarembo.gub.uy\/index.php?rest_route=%2Fwp%2Fv2%2Ftags&post=7280"}],"curies":[{"name":"wp","href":"https:\/\/api.w.org\/{rel}","templated":true}]}}