{"id":7102,"date":"2020-03-04T14:09:35","date_gmt":"2020-03-04T17:09:35","guid":{"rendered":"https:\/\/tacuarembo.gub.uy\/?p=7102"},"modified":"2020-03-04T14:09:35","modified_gmt":"2020-03-04T17:09:35","slug":"los-inmigrantes-en-el-medio-rural","status":"publish","type":"post","link":"https:\/\/tacuarembo.gub.uy\/?p=7102","title":{"rendered":"Los Inmigrantes en el Medio Rural"},"content":{"rendered":"\n<p>El titulo hace referencia al tema elegido por Patria Gaucha para este a\u00f1o 2020 y es as\u00ed que la IDT incorpor\u00f3 a su espacio trajes t\u00edpicos de Portugal , Italia y Espa\u00f1a quedando habilitado el Stand institucional en la Patria Gaucha. Esta ma\u00f1ana estuvo presente el Intendente Dr. Jos\u00e9 O. Men\u00e9ndez y la Sec. Gral. Liliana Esteves.<\/p>\n\n\n\n<figure class=\"wp-block-image size-large\"><img loading=\"lazy\" decoding=\"async\" width=\"800\" height=\"420\" src=\"https:\/\/tacuarembo.gub.uy\/wp-content\/uploads\/WhatsApp-Image-2020-03-04-at-14.06.402-800x420.jpeg\" alt=\"\" class=\"wp-image-7110\"\/><\/figure>\n\n\n\n<figure class=\"wp-block-image size-large\"><img loading=\"lazy\" decoding=\"async\" width=\"800\" height=\"420\" src=\"https:\/\/tacuarembo.gub.uy\/wp-content\/uploads\/WhatsApp-Image-2020-03-04-at-14.06.401-800x420.jpeg\" alt=\"\" class=\"wp-image-7106\"\/><\/figure>\n\n\n\n<figure class=\"wp-block-image size-large\"><img loading=\"lazy\" decoding=\"async\" width=\"800\" height=\"420\" src=\"https:\/\/tacuarembo.gub.uy\/wp-content\/uploads\/WhatsApp-Image-2020-03-04-at-14.06.40-800x420.jpeg\" alt=\"\" class=\"wp-image-7107\"\/><\/figure>\n\n\n\n<figure class=\"wp-block-image size-large\"><img loading=\"lazy\" decoding=\"async\" width=\"800\" height=\"420\" src=\"https:\/\/tacuarembo.gub.uy\/wp-content\/uploads\/WhatsApp-Image-2020-03-04-at-14.06.39-800x420.jpeg\" alt=\"\" class=\"wp-image-7108\"\/><\/figure>\n\n\n\n<figure class=\"wp-block-image size-large\"><img loading=\"lazy\" decoding=\"async\" width=\"800\" height=\"420\" src=\"https:\/\/tacuarembo.gub.uy\/wp-content\/uploads\/WhatsApp-Image-2020-03-04-at-14.06.381-800x420.jpeg\" alt=\"\" class=\"wp-image-7111\"\/><\/figure>\n\n\n\n<figure class=\"wp-block-image size-large\"><img loading=\"lazy\" decoding=\"async\" width=\"800\" height=\"420\" src=\"https:\/\/tacuarembo.gub.uy\/wp-content\/uploads\/WhatsApp-Image-2020-03-04-at-14.06.38-800x420.jpeg\" alt=\"\" class=\"wp-image-7105\"\/><\/figure>\n\n\n\n<figure class=\"wp-block-image size-large\"><img loading=\"lazy\" decoding=\"async\" width=\"800\" height=\"420\" src=\"https:\/\/tacuarembo.gub.uy\/wp-content\/uploads\/WhatsApp-Image-2020-03-04-at-14.06.371-800x420.jpeg\" alt=\"\" class=\"wp-image-7109\"\/><\/figure>\n\n\n\n<figure class=\"wp-block-image size-large\"><img loading=\"lazy\" decoding=\"async\" width=\"800\" height=\"420\" src=\"https:\/\/tacuarembo.gub.uy\/wp-content\/uploads\/WhatsApp-Image-2020-03-04-at-14.06.37-800x420.jpeg\" alt=\"\" class=\"wp-image-7112\"\/><\/figure>\n","protected":false},"excerpt":{"rendered":"<p>El titulo hace referencia al tema elegido por Patria Gaucha para este a\u00f1o 2020 y es as\u00ed que la IDT incorpor\u00f3 a su espacio trajes t\u00edpicos de Portugal , Italia y Espa\u00f1a quedando habilitado el Stand institucional en la Patria Gaucha. Esta ma\u00f1ana estuvo presente el Intendente Dr. Jos\u00e9 O. Men\u00e9ndez y la Sec. Gral. Liliana Esteves.<\/p>\n","protected":false},"author":3,"featured_media":7114,"comment_status":"open","ping_status":"open","sticky":false,"template":"","format":"standard","meta":{"_eb_attr":"","footnotes":""},"categories":[16],"tags":[],"class_list":{"0":"post-7102","1":"post","2":"type-post","3":"status-publish","4":"format-standard","5":"has-post-thumbnail","7":"category-noticias"},"_links":{"self":[{"href":"https:\/\/tacuarembo.gub.uy\/index.php?rest_route=\/wp\/v2\/posts\/7102","targetHints":{"allow":["GET"]}}],"collection":[{"href":"https:\/\/tacuarembo.gub.uy\/index.php?rest_route=\/wp\/v2\/posts"}],"about":[{"href":"https:\/\/tacuarembo.gub.uy\/index.php?rest_route=\/wp\/v2\/types\/post"}],"author":[{"embeddable":true,"href":"https:\/\/tacuarembo.gub.uy\/index.php?rest_route=\/wp\/v2\/users\/3"}],"replies":[{"embeddable":true,"href":"https:\/\/tacuarembo.gub.uy\/index.php?rest_route=%2Fwp%2Fv2%2Fcomments&post=7102"}],"version-history":[{"count":1,"href":"https:\/\/tacuarembo.gub.uy\/index.php?rest_route=\/wp\/v2\/posts\/7102\/revisions"}],"predecessor-version":[{"id":7121,"href":"https:\/\/tacuarembo.gub.uy\/index.php?rest_route=\/wp\/v2\/posts\/7102\/revisions\/7121"}],"wp:featuredmedia":[{"embeddable":true,"href":"https:\/\/tacuarembo.gub.uy\/index.php?rest_route=\/wp\/v2\/media\/7114"}],"wp:attachment":[{"href":"https:\/\/tacuarembo.gub.uy\/index.php?rest_route=%2Fwp%2Fv2%2Fmedia&parent=7102"}],"wp:term":[{"taxonomy":"category","embeddable":true,"href":"https:\/\/tacuarembo.gub.uy\/index.php?rest_route=%2Fwp%2Fv2%2Fcategories&post=7102"},{"taxonomy":"post_tag","embeddable":true,"href":"https:\/\/tacuarembo.gub.uy\/index.php?rest_route=%2Fwp%2Fv2%2Ftags&post=7102"}],"curies":[{"name":"wp","href":"https:\/\/api.w.org\/{rel}","templated":true}]}}