{"id":7062,"date":"2020-03-04T11:40:00","date_gmt":"2020-03-04T14:40:00","guid":{"rendered":"https:\/\/tacuarembo.gub.uy\/?p=7062"},"modified":"2020-03-04T11:45:24","modified_gmt":"2020-03-04T14:45:24","slug":"sabado-7-libre-de-vehiculos-por-desfile-patria-gaucha","status":"publish","type":"post","link":"https:\/\/tacuarembo.gub.uy\/?p=7062","title":{"rendered":"S\u00e1bado 7, libre de veh\u00edculos por desfile Patria Gaucha"},"content":{"rendered":"\n<p>La Dir. de Tr\u00e1nsito informa a propietarios veh\u00edculos que deben dejar libre de los mismos, a partir de la hora 08:00, debido a la realizaci\u00f3n del desfile de la Fiesta de la Patria Gaucha 2020, las siguientes calles: Bvar Aparicio Saravia, Avda. Oribe, Bvar. Rodr\u00edguez Correa, 18 de Julio desde Bvar. Rodr\u00edguez Correa hasta Parque Rod\u00f3, Avda. Dr. Morquio, Paul Harris y Avda. Fernando Secco Aparicio; agradecemos la comprensi\u00f3n y colaboraci\u00f3n de los conductores.<\/p>\n","protected":false},"excerpt":{"rendered":"<p>La Dir. de Tr\u00e1nsito informa a propietarios veh\u00edculos que deben dejar libre de los mismos, a partir de la hora 08:00, debido a la realizaci\u00f3n del desfile de la Fiesta de la Patria Gaucha 2020, las siguientes calles: Bvar Aparicio Saravia, Avda. Oribe, Bvar. Rodr\u00edguez Correa, 18 de Julio desde Bvar. Rodr\u00edguez Correa hasta Parque Rod\u00f3, Avda. Dr. Morquio, Paul Harris y Avda. Fernando Secco Aparicio; agradecemos la comprensi\u00f3n y colaboraci\u00f3n de los conductores.<\/p>\n","protected":false},"author":3,"featured_media":7063,"comment_status":"open","ping_status":"open","sticky":false,"template":"","format":"standard","meta":{"_eb_attr":"","footnotes":""},"categories":[16],"tags":[],"class_list":{"0":"post-7062","1":"post","2":"type-post","3":"status-publish","4":"format-standard","5":"has-post-thumbnail","7":"category-noticias"},"_links":{"self":[{"href":"https:\/\/tacuarembo.gub.uy\/index.php?rest_route=\/wp\/v2\/posts\/7062","targetHints":{"allow":["GET"]}}],"collection":[{"href":"https:\/\/tacuarembo.gub.uy\/index.php?rest_route=\/wp\/v2\/posts"}],"about":[{"href":"https:\/\/tacuarembo.gub.uy\/index.php?rest_route=\/wp\/v2\/types\/post"}],"author":[{"embeddable":true,"href":"https:\/\/tacuarembo.gub.uy\/index.php?rest_route=\/wp\/v2\/users\/3"}],"replies":[{"embeddable":true,"href":"https:\/\/tacuarembo.gub.uy\/index.php?rest_route=%2Fwp%2Fv2%2Fcomments&post=7062"}],"version-history":[{"count":1,"href":"https:\/\/tacuarembo.gub.uy\/index.php?rest_route=\/wp\/v2\/posts\/7062\/revisions"}],"predecessor-version":[{"id":7064,"href":"https:\/\/tacuarembo.gub.uy\/index.php?rest_route=\/wp\/v2\/posts\/7062\/revisions\/7064"}],"wp:featuredmedia":[{"embeddable":true,"href":"https:\/\/tacuarembo.gub.uy\/index.php?rest_route=\/wp\/v2\/media\/7063"}],"wp:attachment":[{"href":"https:\/\/tacuarembo.gub.uy\/index.php?rest_route=%2Fwp%2Fv2%2Fmedia&parent=7062"}],"wp:term":[{"taxonomy":"category","embeddable":true,"href":"https:\/\/tacuarembo.gub.uy\/index.php?rest_route=%2Fwp%2Fv2%2Fcategories&post=7062"},{"taxonomy":"post_tag","embeddable":true,"href":"https:\/\/tacuarembo.gub.uy\/index.php?rest_route=%2Fwp%2Fv2%2Ftags&post=7062"}],"curies":[{"name":"wp","href":"https:\/\/api.w.org\/{rel}","templated":true}]}}