{"id":7054,"date":"2020-03-04T11:37:41","date_gmt":"2020-03-04T14:37:41","guid":{"rendered":"https:\/\/tacuarembo.gub.uy\/?p=7054"},"modified":"2020-03-04T11:37:41","modified_gmt":"2020-03-04T14:37:41","slug":"circulacion-vehiculos-restringida-avda-aparicio-saravia","status":"publish","type":"post","link":"https:\/\/tacuarembo.gub.uy\/?p=7054","title":{"rendered":"Circulaci\u00f3n veh\u00edculos restringida Avda. Aparicio Saravia"},"content":{"rendered":"\n<p>La Dir.Gral. de Tr\u00e1nsito y Transporte, advierte, que, por razones de llevarse a cabo, en la presente semana hasta el domingo 8 de marzo, el desarrollo de la Fiesta de la Patria Gaucha, la circulaci\u00f3n en la Avda. Aparicio Saravia, se encuentra restringida, pudiendo hacerlo solamente veh\u00edculos livianos y a una velocidad m\u00e1xima de 45 kms, se agradece a los conductores la comprensi\u00f3n y colaboraci\u00f3n, llevando as\u00ed a evitar posibles siniestros de tr\u00e1nsito.<\/p>\n","protected":false},"excerpt":{"rendered":"<p>La Dir.Gral. de Tr\u00e1nsito y Transporte, advierte, que, por razones de llevarse a cabo, en la presente semana hasta el domingo 8 de marzo, el desarrollo de la Fiesta de la Patria Gaucha, la circulaci\u00f3n en la Avda. Aparicio Saravia, se encuentra restringida, pudiendo hacerlo solamente veh\u00edculos livianos y a una velocidad m\u00e1xima de 45 kms<\/p>\n","protected":false},"author":3,"featured_media":7055,"comment_status":"open","ping_status":"open","sticky":false,"template":"","format":"standard","meta":{"_eb_attr":"","footnotes":""},"categories":[16],"tags":[],"class_list":{"0":"post-7054","1":"post","2":"type-post","3":"status-publish","4":"format-standard","5":"has-post-thumbnail","7":"category-noticias"},"_links":{"self":[{"href":"https:\/\/tacuarembo.gub.uy\/index.php?rest_route=\/wp\/v2\/posts\/7054","targetHints":{"allow":["GET"]}}],"collection":[{"href":"https:\/\/tacuarembo.gub.uy\/index.php?rest_route=\/wp\/v2\/posts"}],"about":[{"href":"https:\/\/tacuarembo.gub.uy\/index.php?rest_route=\/wp\/v2\/types\/post"}],"author":[{"embeddable":true,"href":"https:\/\/tacuarembo.gub.uy\/index.php?rest_route=\/wp\/v2\/users\/3"}],"replies":[{"embeddable":true,"href":"https:\/\/tacuarembo.gub.uy\/index.php?rest_route=%2Fwp%2Fv2%2Fcomments&post=7054"}],"version-history":[{"count":1,"href":"https:\/\/tacuarembo.gub.uy\/index.php?rest_route=\/wp\/v2\/posts\/7054\/revisions"}],"predecessor-version":[{"id":7056,"href":"https:\/\/tacuarembo.gub.uy\/index.php?rest_route=\/wp\/v2\/posts\/7054\/revisions\/7056"}],"wp:featuredmedia":[{"embeddable":true,"href":"https:\/\/tacuarembo.gub.uy\/index.php?rest_route=\/wp\/v2\/media\/7055"}],"wp:attachment":[{"href":"https:\/\/tacuarembo.gub.uy\/index.php?rest_route=%2Fwp%2Fv2%2Fmedia&parent=7054"}],"wp:term":[{"taxonomy":"category","embeddable":true,"href":"https:\/\/tacuarembo.gub.uy\/index.php?rest_route=%2Fwp%2Fv2%2Fcategories&post=7054"},{"taxonomy":"post_tag","embeddable":true,"href":"https:\/\/tacuarembo.gub.uy\/index.php?rest_route=%2Fwp%2Fv2%2Ftags&post=7054"}],"curies":[{"name":"wp","href":"https:\/\/api.w.org\/{rel}","templated":true}]}}