{"id":7040,"date":"2020-03-03T13:37:34","date_gmt":"2020-03-03T16:37:34","guid":{"rendered":"https:\/\/tacuarembo.gub.uy\/?p=7040"},"modified":"2020-03-03T13:37:34","modified_gmt":"2020-03-03T16:37:34","slug":"patria-gaucha-de-interes-ministerial","status":"publish","type":"post","link":"https:\/\/tacuarembo.gub.uy\/?p=7040","title":{"rendered":"Patria Gaucha \u2013 de Inter\u00e9s Ministerial"},"content":{"rendered":"\n<p>Luego de una gesti\u00f3n promovida por la Intendencia de Tacuaremb\u00f3 mediante solicitud y considerando que el evento reviste importancia tur\u00edstica y cultural para el departamento; El Ministerio de Defensa Nacional, Resuelve: 1\u00b0 Declarar de Inter\u00e9s Ministerial la 34\u00aa edici\u00f3n de la \u201cFiesta de la Patria Gaucha!, a celebrarse entre los d\u00edas 3 y 8 de marzo de 2020, en el departamento de Tacuaremb\u00f3.<\/p>\n","protected":false},"excerpt":{"rendered":"<p>Luego de una gesti\u00f3n promovida por la Intendencia de Tacuaremb\u00f3 mediante solicitud y considerando que el evento reviste importancia tur\u00edstica y cultural para el departamento; El Ministerio de Defensa Nacional, Resuelve: 1\u00b0 Declarar de Inter\u00e9s Ministerial la 34\u00aa edici\u00f3n de la \u201cFiesta de la Patria Gaucha!, a celebrarse entre los d\u00edas 3 y 8 de marzo de 2020, en el departamento de Tacuaremb\u00f3.<\/p>\n","protected":false},"author":3,"featured_media":7041,"comment_status":"open","ping_status":"open","sticky":false,"template":"","format":"standard","meta":{"_eb_attr":"","footnotes":""},"categories":[16],"tags":[],"class_list":{"0":"post-7040","1":"post","2":"type-post","3":"status-publish","4":"format-standard","5":"has-post-thumbnail","7":"category-noticias"},"_links":{"self":[{"href":"https:\/\/tacuarembo.gub.uy\/index.php?rest_route=\/wp\/v2\/posts\/7040","targetHints":{"allow":["GET"]}}],"collection":[{"href":"https:\/\/tacuarembo.gub.uy\/index.php?rest_route=\/wp\/v2\/posts"}],"about":[{"href":"https:\/\/tacuarembo.gub.uy\/index.php?rest_route=\/wp\/v2\/types\/post"}],"author":[{"embeddable":true,"href":"https:\/\/tacuarembo.gub.uy\/index.php?rest_route=\/wp\/v2\/users\/3"}],"replies":[{"embeddable":true,"href":"https:\/\/tacuarembo.gub.uy\/index.php?rest_route=%2Fwp%2Fv2%2Fcomments&post=7040"}],"version-history":[{"count":1,"href":"https:\/\/tacuarembo.gub.uy\/index.php?rest_route=\/wp\/v2\/posts\/7040\/revisions"}],"predecessor-version":[{"id":7042,"href":"https:\/\/tacuarembo.gub.uy\/index.php?rest_route=\/wp\/v2\/posts\/7040\/revisions\/7042"}],"wp:featuredmedia":[{"embeddable":true,"href":"https:\/\/tacuarembo.gub.uy\/index.php?rest_route=\/wp\/v2\/media\/7041"}],"wp:attachment":[{"href":"https:\/\/tacuarembo.gub.uy\/index.php?rest_route=%2Fwp%2Fv2%2Fmedia&parent=7040"}],"wp:term":[{"taxonomy":"category","embeddable":true,"href":"https:\/\/tacuarembo.gub.uy\/index.php?rest_route=%2Fwp%2Fv2%2Fcategories&post=7040"},{"taxonomy":"post_tag","embeddable":true,"href":"https:\/\/tacuarembo.gub.uy\/index.php?rest_route=%2Fwp%2Fv2%2Ftags&post=7040"}],"curies":[{"name":"wp","href":"https:\/\/api.w.org\/{rel}","templated":true}]}}