{"id":7035,"date":"2020-03-02T11:50:12","date_gmt":"2020-03-02T14:50:12","guid":{"rendered":"https:\/\/tacuarembo.gub.uy\/?p=7035"},"modified":"2020-03-26T19:39:31","modified_gmt":"2020-03-26T22:39:31","slug":"becarios-para-hogar-estudiantil","status":"publish","type":"post","link":"https:\/\/tacuarembo.gub.uy\/?p=7035","title":{"rendered":"Becarios para Hogar Estudiantil"},"content":{"rendered":"\n<p>La Dir. Gral. de Desarrollo Social, Asistencia Social informan la n\u00f3mina de estudiantes re-admitidos y admitidos para la beca alojamiento del a\u00f1o 2020, recordando a los padres que la reuni\u00f3n se realizar\u00e1 el pr\u00f3ximo lunes 9 de marzo a la hora 10:00 en el Hogar: Readmisiones: Luc\u00eda Abascal de los Santos, \u00c1ngela Alvarez Acu\u00f1a, Lidia Arm\u00faa Rodr{iguez Sotto, Mar\u00eda Capra Costa, Ihara Correa Grecco, Noris da Silva Yasuir\u00e9, Erika Duarte Rodr\u00edguez, Adriana Duarte V\u00e1zquez, Mar\u00eda Ferreira Yasuir\u00e9, Mayra Ferr\u00f3n Rodr\u00edguez Sotto, Marcos Figueroa Conde, Clara Fros Rodr\u00edguez Sotto, F\u00e1tima Garc\u00eda Aguiar, Facundo Gatica Sosa, Micaela Godi\u00f1o Rodr\u00edguez, Danilo G\u00f3mez Campos, Aldana Laguna M\u00e1rquez, Alex Leites Pedrozo, Lucas Manisse Correa, Federico Mart\u00ednez Correa, Jos\u00e9 Melo Dur\u00e9, Gabriela Melo Machado, Marianela Morales Fern\u00e1ndez, Luciana Navarro Cabrera, Lucila Olivera Silva, Florencia Ortiz Laguna, Evel\u00edn Piedra Mederos, Romina River\u00f3n Ben\u00edtez, Sandy Rodr\u00edguez Lemos, Nancy Santiago Leites, Bruno Su\u00e1rez Bayle, Sof\u00eda Talice P\u00e9rez, Danisa Techera Burgos, Michael Trinidad Aparicio, Zulma Ulery Portela y Luc\u00eda Wilkins da Luz; Admisiones: Sandy Rodr\u00edguez Mendaro, Edinson Duarte V\u00e1zquez, Jhon Melo P\u00faa, Cindy Sueiro Pereria, Sof\u00eda Ber\u00f3n Prado, Elvira Mar\u00edn G\u00f3mez, Romina Rodr\u00edguez Mu\u00f1oz, Ramiro Duarte L\u00f3pez, Zulma Rocha Ram\u00edrez, Ariadna Vidal Alonso, Ana Correa Caetano, Julio Deb\u00eda Maneiro, Clarisa M\u00e9ndez Acosta, Valery Mora Aloy, V\u00edctor Viana Rodr\u00edguez, Cintia Da Silva Ferrao, Betina M\u00e9ndez Acosta,.Leandro Manzoni Fag\u00fandez, Pablo Alvez Conde, Diego Billaf\u00e1n Herrera, Ariel Braga Duarte, Fernanda Choy Pressa, Federico Costa Cardozo, Noel Fros Fros, Alirio Gonz\u00e1lez Soto, Mar\u00eda Romero Ortiz, Nancy Alvez Conde, Juan Dos Reis Ara\u00fajo, Juan Pi\u00f1eiro Da Rosa, Santiago Camacho Correa, Gonzalo Da Luz Rodr\u00edguez, Kevin M\u00e9ndez Machiarena, Antony Ara\u00fajo Rodr\u00edguez, Walter Mulatieri Rodr\u00edguez, Evelyn Nazario Barreiro y Gonzalo Soca Dom\u00ednguez.<\/p>\n","protected":false},"excerpt":{"rendered":"<p>La Dir. Gral. de Desarrollo Social, Asistencia Social informan la n\u00f3mina de estudiantes re-admitidos y admitidos para la beca alojamiento del a\u00f1o 2020, recordando a los padres que la reuni\u00f3n se realizar\u00e1 el pr\u00f3ximo lunes 9 de marzo a la hora 10:00 en el Hogar<\/p>\n","protected":false},"author":3,"featured_media":6985,"comment_status":"open","ping_status":"open","sticky":false,"template":"","format":"standard","meta":{"_eb_attr":"","footnotes":""},"categories":[16],"tags":[],"class_list":{"0":"post-7035","1":"post","2":"type-post","3":"status-publish","4":"format-standard","5":"has-post-thumbnail","7":"category-noticias"},"_links":{"self":[{"href":"https:\/\/tacuarembo.gub.uy\/index.php?rest_route=\/wp\/v2\/posts\/7035","targetHints":{"allow":["GET"]}}],"collection":[{"href":"https:\/\/tacuarembo.gub.uy\/index.php?rest_route=\/wp\/v2\/posts"}],"about":[{"href":"https:\/\/tacuarembo.gub.uy\/index.php?rest_route=\/wp\/v2\/types\/post"}],"author":[{"embeddable":true,"href":"https:\/\/tacuarembo.gub.uy\/index.php?rest_route=\/wp\/v2\/users\/3"}],"replies":[{"embeddable":true,"href":"https:\/\/tacuarembo.gub.uy\/index.php?rest_route=%2Fwp%2Fv2%2Fcomments&post=7035"}],"version-history":[{"count":1,"href":"https:\/\/tacuarembo.gub.uy\/index.php?rest_route=\/wp\/v2\/posts\/7035\/revisions"}],"predecessor-version":[{"id":7036,"href":"https:\/\/tacuarembo.gub.uy\/index.php?rest_route=\/wp\/v2\/posts\/7035\/revisions\/7036"}],"wp:featuredmedia":[{"embeddable":true,"href":"https:\/\/tacuarembo.gub.uy\/index.php?rest_route=\/wp\/v2\/media\/6985"}],"wp:attachment":[{"href":"https:\/\/tacuarembo.gub.uy\/index.php?rest_route=%2Fwp%2Fv2%2Fmedia&parent=7035"}],"wp:term":[{"taxonomy":"category","embeddable":true,"href":"https:\/\/tacuarembo.gub.uy\/index.php?rest_route=%2Fwp%2Fv2%2Fcategories&post=7035"},{"taxonomy":"post_tag","embeddable":true,"href":"https:\/\/tacuarembo.gub.uy\/index.php?rest_route=%2Fwp%2Fv2%2Ftags&post=7035"}],"curies":[{"name":"wp","href":"https:\/\/api.w.org\/{rel}","templated":true}]}}