{"id":7033,"date":"2020-02-28T12:05:00","date_gmt":"2020-02-28T15:05:00","guid":{"rendered":"https:\/\/tacuarembo.gub.uy\/?p=7033"},"modified":"2020-02-28T12:12:07","modified_gmt":"2020-02-28T15:12:07","slug":"patria-gaucha-inauguracion-oficial","status":"publish","type":"post","link":"https:\/\/tacuarembo.gub.uy\/?p=7033","title":{"rendered":"Patria Gaucha \u2013 Inauguraci\u00f3n oficial"},"content":{"rendered":"\n<p>El pr\u00f3ximo martes 3 de marzo se llevar\u00e1 a cabo en Plaza 19 de abril, la inauguraci\u00f3n oficial de la 34\u00aa Edici\u00f3n de la Fiesta de la Patria Gaucha, comenzando a la hora 18:30 con un concierto de Orquesta Tacuaremb\u00f3, a las 19:30 horas se realizar\u00e1 el acto protocolar con guardia de honor del Regimiento \u201cBlandengues de Artigas\u201d, interpretaci\u00f3n del Himno Nacional por Orquesta Tacuaremb\u00f3 y palabras del Se\u00f1or Intendente Dr. Jos\u00e9 Omar Men\u00e9ndez Balsemao.  Posteriormente se dar\u00e1 inicio a la Fiesta con el tradicional encendido del fog\u00f3n conjuntamente con fuegos artificiales, seguido de espect\u00e1culo con peric\u00f3n nacional a cargo del Prof. Alvaro Cuello y show de Nelson Gaite y su grupo.<\/p>\n","protected":false},"excerpt":{"rendered":"<p>El pr\u00f3ximo martes 3 de marzo se llevar\u00e1 a cabo en Plaza 19 de abril, la inauguraci\u00f3n oficial de la 34\u00aa Edici\u00f3n de la Fiesta de la Patria Gaucha, comenzando a la hora 18:30 con un concierto de Orquesta Tacuaremb\u00f3, a las 19:30 horas se realizar\u00e1 el acto protocolar con guardia de honor del Regimiento \u201cBlandengues de Artigas\u201d, interpretaci\u00f3n del Himno Nacional por Orquesta Tacuaremb\u00f3 y palabras del Se\u00f1or Intendente Dr. Jos\u00e9 Omar Men\u00e9ndez Balsemao<\/p>\n","protected":false},"author":3,"featured_media":7030,"comment_status":"open","ping_status":"open","sticky":false,"template":"","format":"standard","meta":{"_eb_attr":"","footnotes":""},"categories":[16],"tags":[],"class_list":{"0":"post-7033","1":"post","2":"type-post","3":"status-publish","4":"format-standard","5":"has-post-thumbnail","7":"category-noticias"},"_links":{"self":[{"href":"https:\/\/tacuarembo.gub.uy\/index.php?rest_route=\/wp\/v2\/posts\/7033","targetHints":{"allow":["GET"]}}],"collection":[{"href":"https:\/\/tacuarembo.gub.uy\/index.php?rest_route=\/wp\/v2\/posts"}],"about":[{"href":"https:\/\/tacuarembo.gub.uy\/index.php?rest_route=\/wp\/v2\/types\/post"}],"author":[{"embeddable":true,"href":"https:\/\/tacuarembo.gub.uy\/index.php?rest_route=\/wp\/v2\/users\/3"}],"replies":[{"embeddable":true,"href":"https:\/\/tacuarembo.gub.uy\/index.php?rest_route=%2Fwp%2Fv2%2Fcomments&post=7033"}],"version-history":[{"count":1,"href":"https:\/\/tacuarembo.gub.uy\/index.php?rest_route=\/wp\/v2\/posts\/7033\/revisions"}],"predecessor-version":[{"id":7034,"href":"https:\/\/tacuarembo.gub.uy\/index.php?rest_route=\/wp\/v2\/posts\/7033\/revisions\/7034"}],"wp:featuredmedia":[{"embeddable":true,"href":"https:\/\/tacuarembo.gub.uy\/index.php?rest_route=\/wp\/v2\/media\/7030"}],"wp:attachment":[{"href":"https:\/\/tacuarembo.gub.uy\/index.php?rest_route=%2Fwp%2Fv2%2Fmedia&parent=7033"}],"wp:term":[{"taxonomy":"category","embeddable":true,"href":"https:\/\/tacuarembo.gub.uy\/index.php?rest_route=%2Fwp%2Fv2%2Fcategories&post=7033"},{"taxonomy":"post_tag","embeddable":true,"href":"https:\/\/tacuarembo.gub.uy\/index.php?rest_route=%2Fwp%2Fv2%2Ftags&post=7033"}],"curies":[{"name":"wp","href":"https:\/\/api.w.org\/{rel}","templated":true}]}}