{"id":6946,"date":"2020-02-27T09:04:16","date_gmt":"2020-02-27T12:04:16","guid":{"rendered":"https:\/\/tacuarembo.gub.uy\/?p=6946"},"modified":"2020-02-27T09:04:16","modified_gmt":"2020-02-27T12:04:16","slug":"comienza-la-patria-gaucha","status":"publish","type":"post","link":"https:\/\/tacuarembo.gub.uy\/?p=6946","title":{"rendered":"Comienza la Patria Gaucha"},"content":{"rendered":"\n<p>La Comisi\u00f3n Organizadora de la Fiesta de la Patria Gaucha en conferencia de prensa, revel\u00f3 detalles complementarios del Programa realizando una invitaci\u00f3n a acompa\u00f1ar el desfile gaucho con la Bandera Uruguaya, se confirm\u00f3 la presencia de los padrinos y varios embajadores adem\u00e1s de las novedades del Guiso y el primer Fog\u00f3n de las Mujeres. Destacamos que el mi\u00e9rcoles se beneficia con un bono colaboraci\u00f3n de 30 pesos, la Casa Ronald McDonald.<\/p>\n\n\n\n<figure class=\"wp-block-image size-large\"><img loading=\"lazy\" decoding=\"async\" width=\"800\" height=\"420\" src=\"https:\/\/tacuarembo.gub.uy\/wp-content\/uploads\/WhatsApp-Image-2020-02-26-at-18.38.38-1-800x420.jpeg\" alt=\"\" class=\"wp-image-6949\"\/><\/figure>\n\n\n\n<figure class=\"wp-block-image size-large\"><img loading=\"lazy\" decoding=\"async\" width=\"800\" height=\"420\" src=\"https:\/\/tacuarembo.gub.uy\/wp-content\/uploads\/WhatsApp-Image-2020-02-26-at-18.38.371-800x420.jpeg\" alt=\"\" class=\"wp-image-6950\"\/><\/figure>\n\n\n\n<figure class=\"wp-block-image size-large\"><img loading=\"lazy\" decoding=\"async\" width=\"800\" height=\"420\" src=\"https:\/\/tacuarembo.gub.uy\/wp-content\/uploads\/WhatsApp-Image-2020-02-26-at-18.38.37-800x420.jpeg\" alt=\"\" class=\"wp-image-6948\"\/><\/figure>\n","protected":false},"excerpt":{"rendered":"<p>La Comisi\u00f3n Organizadora de la Fiesta de la Patria Gaucha en conferencia de prensa, revel\u00f3 detalles complementarios del Programa realizando una invitaci\u00f3n a acompa\u00f1ar el desfile gaucho con la Bandera Uruguaya, se confirm\u00f3 la presencia de los padrinos y varios embajadores adem\u00e1s de las novedades del Guiso y el primer Fog\u00f3n de las Mujeres<\/p>\n","protected":false},"author":3,"featured_media":6951,"comment_status":"open","ping_status":"open","sticky":false,"template":"","format":"standard","meta":{"_eb_attr":"","footnotes":""},"categories":[16],"tags":[],"class_list":{"0":"post-6946","1":"post","2":"type-post","3":"status-publish","4":"format-standard","5":"has-post-thumbnail","7":"category-noticias"},"_links":{"self":[{"href":"https:\/\/tacuarembo.gub.uy\/index.php?rest_route=\/wp\/v2\/posts\/6946","targetHints":{"allow":["GET"]}}],"collection":[{"href":"https:\/\/tacuarembo.gub.uy\/index.php?rest_route=\/wp\/v2\/posts"}],"about":[{"href":"https:\/\/tacuarembo.gub.uy\/index.php?rest_route=\/wp\/v2\/types\/post"}],"author":[{"embeddable":true,"href":"https:\/\/tacuarembo.gub.uy\/index.php?rest_route=\/wp\/v2\/users\/3"}],"replies":[{"embeddable":true,"href":"https:\/\/tacuarembo.gub.uy\/index.php?rest_route=%2Fwp%2Fv2%2Fcomments&post=6946"}],"version-history":[{"count":1,"href":"https:\/\/tacuarembo.gub.uy\/index.php?rest_route=\/wp\/v2\/posts\/6946\/revisions"}],"predecessor-version":[{"id":6953,"href":"https:\/\/tacuarembo.gub.uy\/index.php?rest_route=\/wp\/v2\/posts\/6946\/revisions\/6953"}],"wp:featuredmedia":[{"embeddable":true,"href":"https:\/\/tacuarembo.gub.uy\/index.php?rest_route=\/wp\/v2\/media\/6951"}],"wp:attachment":[{"href":"https:\/\/tacuarembo.gub.uy\/index.php?rest_route=%2Fwp%2Fv2%2Fmedia&parent=6946"}],"wp:term":[{"taxonomy":"category","embeddable":true,"href":"https:\/\/tacuarembo.gub.uy\/index.php?rest_route=%2Fwp%2Fv2%2Fcategories&post=6946"},{"taxonomy":"post_tag","embeddable":true,"href":"https:\/\/tacuarembo.gub.uy\/index.php?rest_route=%2Fwp%2Fv2%2Ftags&post=6946"}],"curies":[{"name":"wp","href":"https:\/\/api.w.org\/{rel}","templated":true}]}}