{"id":6937,"date":"2020-02-27T08:51:00","date_gmt":"2020-02-27T11:51:00","guid":{"rendered":"https:\/\/tacuarembo.gub.uy\/?p=6937"},"modified":"2020-02-27T08:55:46","modified_gmt":"2020-02-27T11:55:46","slug":"se-inauguro-el-mevir-4-de-tambores","status":"publish","type":"post","link":"https:\/\/tacuarembo.gub.uy\/?p=6937","title":{"rendered":"Se inaugur\u00f3 el Mevir 4 de Tambores"},"content":{"rendered":"\n<p>Desde la Intendencia de Tacuaremb\u00f3 se acompa\u00f1\u00f3 este momento con la presencia del Intendente Departamental Dr. Jos\u00e9 O. Men\u00e9ndez  quien al hacer uso de la palabra ante los vecinos que recib\u00edan las llaves de sus nuevas casas, destac\u00f3 las coordinaciones que se han realizado durante el quinquenio con Mevir a los efectos de seguir mejorando la calidad de vida de los tacuaremboenses. En esta oportunidad son 52 las familias , 50 de Tambores y dos de Piedra Sola, que trabajaron durante el proceso de la obra para cumplir el sue\u00f1o del techo digno, son personas de trabajo sobre todo que se dedican al medio rural con ni\u00f1os que se incorporan a este sistema y ahora disfrutan de una vida nueva, con mejor calidad en un complejo ubicado en la entrada a Tambores en territorio de Tacuaremb\u00f3.<\/p>\n\n\n\n<figure class=\"wp-block-image\"><img loading=\"lazy\" decoding=\"async\" width=\"800\" height=\"420\" src=\"https:\/\/tacuarembo.gub.uy\/wp-content\/uploads\/WhatsApp-Image-2020-02-26-at-18.37.59-800x420.jpeg\" alt=\"\" class=\"wp-image-6938\"\/><\/figure>\n\n\n\n<figure class=\"wp-block-image size-large\"><img loading=\"lazy\" decoding=\"async\" width=\"800\" height=\"420\" src=\"https:\/\/tacuarembo.gub.uy\/wp-content\/uploads\/WhatsApp-Image-2020-02-26-at-18.37.58-1-800x420.jpeg\" alt=\"\" class=\"wp-image-6942\"\/><\/figure>\n\n\n\n<figure class=\"wp-block-image size-large\"><img loading=\"lazy\" decoding=\"async\" width=\"800\" height=\"420\" src=\"https:\/\/tacuarembo.gub.uy\/wp-content\/uploads\/WhatsApp-Image-2020-02-26-at-18.37.571-800x420.jpeg\" alt=\"\" class=\"wp-image-6940\"\/><\/figure>\n\n\n\n<figure class=\"wp-block-image size-large\"><img loading=\"lazy\" decoding=\"async\" width=\"800\" height=\"420\" src=\"https:\/\/tacuarembo.gub.uy\/wp-content\/uploads\/WhatsApp-Image-2020-02-26-at-18.37.57-800x420.jpeg\" alt=\"\" class=\"wp-image-6941\"\/><\/figure>\n","protected":false},"excerpt":{"rendered":"<p>Desde la Intendencia de Tacuaremb\u00f3 se acompa\u00f1\u00f3 este momento con la presencia del Intendente Departamental Dr. Jos\u00e9 O. Men\u00e9ndez  quien al hacer uso de la palabra ante los vecinos que recib\u00edan las llaves de sus nuevas casas, destac\u00f3 las coordinaciones que se han realizado durante el quinquenio con Mevir a los efectos de seguir mejorando la calidad de vida de los tacuaremboenses<\/p>\n","protected":false},"author":3,"featured_media":6941,"comment_status":"open","ping_status":"open","sticky":false,"template":"","format":"standard","meta":{"_eb_attr":"","footnotes":""},"categories":[16],"tags":[],"class_list":{"0":"post-6937","1":"post","2":"type-post","3":"status-publish","4":"format-standard","5":"has-post-thumbnail","7":"category-noticias"},"_links":{"self":[{"href":"https:\/\/tacuarembo.gub.uy\/index.php?rest_route=\/wp\/v2\/posts\/6937","targetHints":{"allow":["GET"]}}],"collection":[{"href":"https:\/\/tacuarembo.gub.uy\/index.php?rest_route=\/wp\/v2\/posts"}],"about":[{"href":"https:\/\/tacuarembo.gub.uy\/index.php?rest_route=\/wp\/v2\/types\/post"}],"author":[{"embeddable":true,"href":"https:\/\/tacuarembo.gub.uy\/index.php?rest_route=\/wp\/v2\/users\/3"}],"replies":[{"embeddable":true,"href":"https:\/\/tacuarembo.gub.uy\/index.php?rest_route=%2Fwp%2Fv2%2Fcomments&post=6937"}],"version-history":[{"count":1,"href":"https:\/\/tacuarembo.gub.uy\/index.php?rest_route=\/wp\/v2\/posts\/6937\/revisions"}],"predecessor-version":[{"id":6945,"href":"https:\/\/tacuarembo.gub.uy\/index.php?rest_route=\/wp\/v2\/posts\/6937\/revisions\/6945"}],"wp:featuredmedia":[{"embeddable":true,"href":"https:\/\/tacuarembo.gub.uy\/index.php?rest_route=\/wp\/v2\/media\/6941"}],"wp:attachment":[{"href":"https:\/\/tacuarembo.gub.uy\/index.php?rest_route=%2Fwp%2Fv2%2Fmedia&parent=6937"}],"wp:term":[{"taxonomy":"category","embeddable":true,"href":"https:\/\/tacuarembo.gub.uy\/index.php?rest_route=%2Fwp%2Fv2%2Fcategories&post=6937"},{"taxonomy":"post_tag","embeddable":true,"href":"https:\/\/tacuarembo.gub.uy\/index.php?rest_route=%2Fwp%2Fv2%2Ftags&post=6937"}],"curies":[{"name":"wp","href":"https:\/\/api.w.org\/{rel}","templated":true}]}}