{"id":6899,"date":"2020-02-21T16:06:09","date_gmt":"2020-02-21T19:06:09","guid":{"rendered":"https:\/\/tacuarembo.gub.uy\/?p=6899"},"modified":"2020-02-21T16:06:09","modified_gmt":"2020-02-21T19:06:09","slug":"concurso-la-guitarra-de-chalar-2","status":"publish","type":"post","link":"https:\/\/tacuarembo.gub.uy\/?p=6899","title":{"rendered":"Concurso \u201cLa guitarra de Chalar\u201d"},"content":{"rendered":"\n<p>La Dir. Gral. de Educaci\u00f3n y Cultura informa el 28 de marzo pr\u00f3ximo, a partir de las 16:00 horas se desarrollar\u00e1 en el Teatro de Parque de Vacaciones de Ute-Antel, el concurso \u201cLa guitarra de Chalar\u201d en la 35\u00aa Edici\u00f3n del Festival Minas y Abril, con 4 categor\u00edas de concursantes: solistas, d\u00faos y conjuntos, recitadores, palladores. Todos aquellos interesados pueden consultar el reglamento y acceder al formulario de inscripci\u00f3n en la web del festival: www.festivalminasyabril.com<\/p>\n","protected":false},"excerpt":{"rendered":"<p>La Dir. Gral. de Educaci\u00f3n y Cultura informa el 28 de marzo pr\u00f3ximo, a partir de las 16:00 horas se desarrollar\u00e1 en el Teatro de Parque de Vacaciones de Ute-Antel, el concurso \u201cLa guitarra de Chalar\u201d en la 35\u00aa Edici\u00f3n del Festival Minas y Abril<\/p>\n","protected":false},"author":3,"featured_media":6900,"comment_status":"open","ping_status":"open","sticky":false,"template":"","format":"standard","meta":{"_eb_attr":"","footnotes":""},"categories":[16],"tags":[],"class_list":{"0":"post-6899","1":"post","2":"type-post","3":"status-publish","4":"format-standard","5":"has-post-thumbnail","7":"category-noticias"},"_links":{"self":[{"href":"https:\/\/tacuarembo.gub.uy\/index.php?rest_route=\/wp\/v2\/posts\/6899","targetHints":{"allow":["GET"]}}],"collection":[{"href":"https:\/\/tacuarembo.gub.uy\/index.php?rest_route=\/wp\/v2\/posts"}],"about":[{"href":"https:\/\/tacuarembo.gub.uy\/index.php?rest_route=\/wp\/v2\/types\/post"}],"author":[{"embeddable":true,"href":"https:\/\/tacuarembo.gub.uy\/index.php?rest_route=\/wp\/v2\/users\/3"}],"replies":[{"embeddable":true,"href":"https:\/\/tacuarembo.gub.uy\/index.php?rest_route=%2Fwp%2Fv2%2Fcomments&post=6899"}],"version-history":[{"count":1,"href":"https:\/\/tacuarembo.gub.uy\/index.php?rest_route=\/wp\/v2\/posts\/6899\/revisions"}],"predecessor-version":[{"id":6901,"href":"https:\/\/tacuarembo.gub.uy\/index.php?rest_route=\/wp\/v2\/posts\/6899\/revisions\/6901"}],"wp:featuredmedia":[{"embeddable":true,"href":"https:\/\/tacuarembo.gub.uy\/index.php?rest_route=\/wp\/v2\/media\/6900"}],"wp:attachment":[{"href":"https:\/\/tacuarembo.gub.uy\/index.php?rest_route=%2Fwp%2Fv2%2Fmedia&parent=6899"}],"wp:term":[{"taxonomy":"category","embeddable":true,"href":"https:\/\/tacuarembo.gub.uy\/index.php?rest_route=%2Fwp%2Fv2%2Fcategories&post=6899"},{"taxonomy":"post_tag","embeddable":true,"href":"https:\/\/tacuarembo.gub.uy\/index.php?rest_route=%2Fwp%2Fv2%2Ftags&post=6899"}],"curies":[{"name":"wp","href":"https:\/\/api.w.org\/{rel}","templated":true}]}}