{"id":6896,"date":"2020-02-21T16:04:16","date_gmt":"2020-02-21T19:04:16","guid":{"rendered":"https:\/\/tacuarembo.gub.uy\/?p=6896"},"modified":"2020-02-21T16:04:16","modified_gmt":"2020-02-21T19:04:16","slug":"elecciones-en-centro-de-barrio-2","status":"publish","type":"post","link":"https:\/\/tacuarembo.gub.uy\/?p=6896","title":{"rendered":"Elecciones en Centro de Barrio 2"},"content":{"rendered":"\n<p>La Dir. Gral. de Desarrollo Social, Promoci\u00f3n Social convoca a todos los vecinos de los barrios: Juan Domingo L\u00f3pez, Etcheverry y Villanueva y\/o comisiones barriales adyacentes a Centro de Barrio N\u00b0 2, para nuevas autoridades con el fin de integrar la Mesa Ejecutiva y Comisi\u00f3n Fiscal; realiz\u00e1ndose la inscripci\u00f3n para las elecciones a partir del mi\u00e9rcoles 26 de febrero hasta el jueves 12 de marzo, en dicho Centro y en oficina de Promoci\u00f3n Social en horario de 07:00 a 12:30 horas con los siguientes requisitos: mayor de 18 a\u00f1os, contar con antig\u00fcedad de por lo menos 6 meses de residencia en la zona, y deben concurrir con c\u00e9dula de identidad vigente y recibo de ute, ose o antel que acredite su domicilio.  La elecci\u00f3n se realizar\u00e1 el domingo 15 de marzo en horario de 09:00 a 14:00 horas.<\/p>\n","protected":false},"excerpt":{"rendered":"<p>La Dir. Gral. de Desarrollo Social, Promoci\u00f3n Social convoca a todos los vecinos de los barrios: Juan Domingo L\u00f3pez, Etcheverry y Villanueva y\/o comisiones barriales adyacentes a Centro de Barrio N\u00b0 2<\/p>\n","protected":false},"author":3,"featured_media":6897,"comment_status":"open","ping_status":"open","sticky":false,"template":"","format":"standard","meta":{"_eb_attr":"","footnotes":""},"categories":[16],"tags":[],"class_list":{"0":"post-6896","1":"post","2":"type-post","3":"status-publish","4":"format-standard","5":"has-post-thumbnail","7":"category-noticias"},"_links":{"self":[{"href":"https:\/\/tacuarembo.gub.uy\/index.php?rest_route=\/wp\/v2\/posts\/6896","targetHints":{"allow":["GET"]}}],"collection":[{"href":"https:\/\/tacuarembo.gub.uy\/index.php?rest_route=\/wp\/v2\/posts"}],"about":[{"href":"https:\/\/tacuarembo.gub.uy\/index.php?rest_route=\/wp\/v2\/types\/post"}],"author":[{"embeddable":true,"href":"https:\/\/tacuarembo.gub.uy\/index.php?rest_route=\/wp\/v2\/users\/3"}],"replies":[{"embeddable":true,"href":"https:\/\/tacuarembo.gub.uy\/index.php?rest_route=%2Fwp%2Fv2%2Fcomments&post=6896"}],"version-history":[{"count":1,"href":"https:\/\/tacuarembo.gub.uy\/index.php?rest_route=\/wp\/v2\/posts\/6896\/revisions"}],"predecessor-version":[{"id":6898,"href":"https:\/\/tacuarembo.gub.uy\/index.php?rest_route=\/wp\/v2\/posts\/6896\/revisions\/6898"}],"wp:featuredmedia":[{"embeddable":true,"href":"https:\/\/tacuarembo.gub.uy\/index.php?rest_route=\/wp\/v2\/media\/6897"}],"wp:attachment":[{"href":"https:\/\/tacuarembo.gub.uy\/index.php?rest_route=%2Fwp%2Fv2%2Fmedia&parent=6896"}],"wp:term":[{"taxonomy":"category","embeddable":true,"href":"https:\/\/tacuarembo.gub.uy\/index.php?rest_route=%2Fwp%2Fv2%2Fcategories&post=6896"},{"taxonomy":"post_tag","embeddable":true,"href":"https:\/\/tacuarembo.gub.uy\/index.php?rest_route=%2Fwp%2Fv2%2Ftags&post=6896"}],"curies":[{"name":"wp","href":"https:\/\/api.w.org\/{rel}","templated":true}]}}