{"id":6709,"date":"2020-02-11T10:53:09","date_gmt":"2020-02-11T13:53:09","guid":{"rendered":"https:\/\/tacuarembo.gub.uy\/?p=6709"},"modified":"2020-02-11T10:53:09","modified_gmt":"2020-02-11T13:53:09","slug":"verano-a-pedal-2020-2","status":"publish","type":"post","link":"https:\/\/tacuarembo.gub.uy\/?p=6709","title":{"rendered":"\u201cVerano a pedal 2020\u201d"},"content":{"rendered":"\n<p>En la gira que viene realizando Efecto Cine con \u201cVerano a pedal 2020\u201d exhibir\u00e1 el pr\u00f3ximo viernes 14 de febrero en Plaza 19 de Abril a la hora 21:00, en esta oportunidad con la multipremiada pel\u00edcula \u201c25 Watts\u201d.  Efecto Pedal promueve el uso de energ\u00eda sustentable a trav\u00e9s de bicicletas especialmente acondicionadas para que al pedalear se genere energ\u00eda el\u00e9ctrica, de esa forma interviene el p\u00fablico, adem\u00e1s tambi\u00e9n pueden colocar sus propias bicicletas, pero adem\u00e1s se cuenta con un Pedal de Mano para ser utilizado por personas en sillas de ruedas.<\/p>\n","protected":false},"excerpt":{"rendered":"<p>En la gira que viene realizando Efecto Cine con \u201cVerano a pedal 2020\u201d exhibir\u00e1 el pr\u00f3ximo viernes 14 de febrero en Plaza 19 de Abril a la hora 21:00, en esta oportunidad con la multipremiada pel\u00edcula \u201c25 Watts\u201d<\/p>\n","protected":false},"author":3,"featured_media":6423,"comment_status":"open","ping_status":"open","sticky":false,"template":"","format":"standard","meta":{"_eb_attr":"","footnotes":""},"categories":[1],"tags":[],"class_list":{"0":"post-6709","1":"post","2":"type-post","3":"status-publish","4":"format-standard","5":"has-post-thumbnail","7":"category-sin-categoria"},"_links":{"self":[{"href":"https:\/\/tacuarembo.gub.uy\/index.php?rest_route=\/wp\/v2\/posts\/6709","targetHints":{"allow":["GET"]}}],"collection":[{"href":"https:\/\/tacuarembo.gub.uy\/index.php?rest_route=\/wp\/v2\/posts"}],"about":[{"href":"https:\/\/tacuarembo.gub.uy\/index.php?rest_route=\/wp\/v2\/types\/post"}],"author":[{"embeddable":true,"href":"https:\/\/tacuarembo.gub.uy\/index.php?rest_route=\/wp\/v2\/users\/3"}],"replies":[{"embeddable":true,"href":"https:\/\/tacuarembo.gub.uy\/index.php?rest_route=%2Fwp%2Fv2%2Fcomments&post=6709"}],"version-history":[{"count":1,"href":"https:\/\/tacuarembo.gub.uy\/index.php?rest_route=\/wp\/v2\/posts\/6709\/revisions"}],"predecessor-version":[{"id":6710,"href":"https:\/\/tacuarembo.gub.uy\/index.php?rest_route=\/wp\/v2\/posts\/6709\/revisions\/6710"}],"wp:featuredmedia":[{"embeddable":true,"href":"https:\/\/tacuarembo.gub.uy\/index.php?rest_route=\/wp\/v2\/media\/6423"}],"wp:attachment":[{"href":"https:\/\/tacuarembo.gub.uy\/index.php?rest_route=%2Fwp%2Fv2%2Fmedia&parent=6709"}],"wp:term":[{"taxonomy":"category","embeddable":true,"href":"https:\/\/tacuarembo.gub.uy\/index.php?rest_route=%2Fwp%2Fv2%2Fcategories&post=6709"},{"taxonomy":"post_tag","embeddable":true,"href":"https:\/\/tacuarembo.gub.uy\/index.php?rest_route=%2Fwp%2Fv2%2Ftags&post=6709"}],"curies":[{"name":"wp","href":"https:\/\/api.w.org\/{rel}","templated":true}]}}