{"id":6691,"date":"2020-02-11T08:18:12","date_gmt":"2020-02-11T11:18:12","guid":{"rendered":"https:\/\/tacuarembo.gub.uy\/?p=6691"},"modified":"2020-02-11T08:18:12","modified_gmt":"2020-02-11T11:18:12","slug":"patria-gaucha-le-agradece-a-manuel-camejo-su-servicio-prestado-integrando-la-comision-organizadora","status":"publish","type":"post","link":"https:\/\/tacuarembo.gub.uy\/?p=6691","title":{"rendered":"Patria Gaucha le agradece a Manuel Camejo su servicio prestado integrando la Comisi\u00f3n Organizadora"},"content":{"rendered":"\n<p>El Intendente Dr. Jos\u00e9 O. Men\u00e9ndez asisti\u00f3 a la reuni\u00f3n de la Fiesta de la Patria Gaucha d\u00f3nde se siguen ajustando detalles para la 34\u00aa. Edici\u00f3n, y que adem\u00e1s, tuvo un motivo especial, despedir al Tte. Cnel. Manuel Camejo, Jefe del Regimiento 5to. que continuar\u00e1 cumpliendo su tarea profesional en Montevideo. El Arq. Hugo Pereda resalt\u00f3 su capacidad de trabajo, su integraci\u00f3n al equipo y la capacidad demostrada para resolver junto al colectivo determinadas situaciones que contribuyen al \u00e9xito de la fiesta; por su parte Camejo se mostr\u00f3 agradecido se\u00f1alando que se sinti\u00f3 muy c\u00f3modo en Tacuaremb\u00f3 y que siempre estar\u00e1 a la orden para ayudar a mantener la vigencia de nuestras tradiciones y que Patria Gaucha es un ejemplo en el mundo en ese rescate hist\u00f3rico.<\/p>\n\n\n\n<figure class=\"wp-block-image size-large\"><img loading=\"lazy\" decoding=\"async\" width=\"800\" height=\"420\" src=\"https:\/\/tacuarembo.gub.uy\/wp-content\/uploads\/WhatsApp-Image-2020-02-11-at-08.07.151-1-800x420.jpeg\" alt=\"\" class=\"wp-image-6694\"\/><\/figure>\n\n\n\n<figure class=\"wp-block-image size-large\"><img loading=\"lazy\" decoding=\"async\" width=\"800\" height=\"420\" src=\"https:\/\/tacuarembo.gub.uy\/wp-content\/uploads\/WhatsApp-Image-2020-02-11-at-08.07.15-800x420.jpeg\" alt=\"\" class=\"wp-image-6693\"\/><\/figure>\n\n\n\n<figure class=\"wp-block-image size-large\"><img loading=\"lazy\" decoding=\"async\" width=\"800\" height=\"420\" src=\"https:\/\/tacuarembo.gub.uy\/wp-content\/uploads\/WhatsApp-Image-2020-02-11-at-08.07.14-800x420.jpeg\" alt=\"\" class=\"wp-image-6696\"\/><\/figure>\n\n\n\n<figure class=\"wp-block-image size-large\"><img loading=\"lazy\" decoding=\"async\" width=\"800\" height=\"420\" src=\"https:\/\/tacuarembo.gub.uy\/wp-content\/uploads\/WhatsApp-Image-2020-02-11-at-08.07.13-800x420.jpeg\" alt=\"\" class=\"wp-image-6695\"\/><\/figure>\n","protected":false},"excerpt":{"rendered":"<p>El Intendente Dr. Jos\u00e9 O. Men\u00e9ndez asisti\u00f3 a la reuni\u00f3n de la Fiesta de la Patria Gaucha d\u00f3nde se siguen ajustando detalles para la 34\u00aa. Edici\u00f3n, y que adem\u00e1s, tuvo un motivo especial, despedir al Tte. Cnel. Manuel Camejo, Jefe del Regimiento 5to. que continuar\u00e1 cumpliendo su tarea profesional en Montevideo<\/p>\n","protected":false},"author":3,"featured_media":6695,"comment_status":"open","ping_status":"open","sticky":false,"template":"","format":"standard","meta":{"_eb_attr":"","footnotes":""},"categories":[16],"tags":[],"class_list":{"0":"post-6691","1":"post","2":"type-post","3":"status-publish","4":"format-standard","5":"has-post-thumbnail","7":"category-noticias"},"_links":{"self":[{"href":"https:\/\/tacuarembo.gub.uy\/index.php?rest_route=\/wp\/v2\/posts\/6691","targetHints":{"allow":["GET"]}}],"collection":[{"href":"https:\/\/tacuarembo.gub.uy\/index.php?rest_route=\/wp\/v2\/posts"}],"about":[{"href":"https:\/\/tacuarembo.gub.uy\/index.php?rest_route=\/wp\/v2\/types\/post"}],"author":[{"embeddable":true,"href":"https:\/\/tacuarembo.gub.uy\/index.php?rest_route=\/wp\/v2\/users\/3"}],"replies":[{"embeddable":true,"href":"https:\/\/tacuarembo.gub.uy\/index.php?rest_route=%2Fwp%2Fv2%2Fcomments&post=6691"}],"version-history":[{"count":1,"href":"https:\/\/tacuarembo.gub.uy\/index.php?rest_route=\/wp\/v2\/posts\/6691\/revisions"}],"predecessor-version":[{"id":6700,"href":"https:\/\/tacuarembo.gub.uy\/index.php?rest_route=\/wp\/v2\/posts\/6691\/revisions\/6700"}],"wp:featuredmedia":[{"embeddable":true,"href":"https:\/\/tacuarembo.gub.uy\/index.php?rest_route=\/wp\/v2\/media\/6695"}],"wp:attachment":[{"href":"https:\/\/tacuarembo.gub.uy\/index.php?rest_route=%2Fwp%2Fv2%2Fmedia&parent=6691"}],"wp:term":[{"taxonomy":"category","embeddable":true,"href":"https:\/\/tacuarembo.gub.uy\/index.php?rest_route=%2Fwp%2Fv2%2Fcategories&post=6691"},{"taxonomy":"post_tag","embeddable":true,"href":"https:\/\/tacuarembo.gub.uy\/index.php?rest_route=%2Fwp%2Fv2%2Ftags&post=6691"}],"curies":[{"name":"wp","href":"https:\/\/api.w.org\/{rel}","templated":true}]}}