{"id":6477,"date":"2020-02-10T14:22:20","date_gmt":"2020-02-10T17:22:20","guid":{"rendered":"https:\/\/tacuarembo.gub.uy\/?p=6477"},"modified":"2020-03-09T14:50:42","modified_gmt":"2020-03-09T17:50:42","slug":"fue-designada-secretaria-general-de-la-intendencia-de-tacuarembo-la-esc-liliana-esteves","status":"publish","type":"post","link":"https:\/\/tacuarembo.gub.uy\/?p=6477","title":{"rendered":"Fue designada Secretaria General de la Intendencia de Tacuaremb\u00f3 la Esc. Liliana Esteves"},"content":{"rendered":"\n<p>En el Despacho Principal el Intendente Dr. Jos\u00e9 O. Men\u00e9ndez firm\u00f3 la resoluci\u00f3n en la que designa a la funcionaria de carrera con una trayectoria de 29 a\u00f1os en la funci\u00f3n p\u00fablica; que lo estar\u00e1 acompa\u00f1ando hasta el final del periodo.<\/p>\n\n\n\n<figure class=\"wp-block-image size-large\"><img loading=\"lazy\" decoding=\"async\" width=\"800\" height=\"420\" src=\"https:\/\/tacuarembo.gub.uy\/wp-content\/uploads\/WhatsApp-Image-2020-02-10-at-18.00.30-1-800x420.jpeg\" alt=\"\" class=\"wp-image-6482\"\/><\/figure>\n\n\n\n<figure class=\"wp-block-image size-large\"><img loading=\"lazy\" decoding=\"async\" width=\"800\" height=\"420\" src=\"https:\/\/tacuarembo.gub.uy\/wp-content\/uploads\/WhatsApp-Image-2020-02-10-at-18.00.292-800x420.jpeg\" alt=\"\" class=\"wp-image-6481\"\/><\/figure>\n\n\n\n<figure class=\"wp-block-image size-large\"><img loading=\"lazy\" decoding=\"async\" width=\"800\" height=\"420\" src=\"https:\/\/tacuarembo.gub.uy\/wp-content\/uploads\/WhatsApp-Image-2020-02-10-at-18.00.291-800x420.jpeg\" alt=\"\" class=\"wp-image-6479\"\/><\/figure>\n\n\n\n<figure class=\"wp-block-image size-large\"><img loading=\"lazy\" decoding=\"async\" width=\"800\" height=\"420\" src=\"https:\/\/tacuarembo.gub.uy\/wp-content\/uploads\/WhatsApp-Image-2020-02-10-at-18.00.29-800x420.jpeg\" alt=\"\" class=\"wp-image-6484\"\/><\/figure>\n\n\n\n<figure class=\"wp-block-image size-large\"><img loading=\"lazy\" decoding=\"async\" width=\"800\" height=\"420\" src=\"https:\/\/tacuarembo.gub.uy\/wp-content\/uploads\/WhatsApp-Image-2020-02-10-at-18.00.27-800x420.jpeg\" alt=\"\" class=\"wp-image-6480\"\/><\/figure>\n\n\n\n<figure class=\"wp-block-image size-large\"><img loading=\"lazy\" decoding=\"async\" width=\"800\" height=\"420\" src=\"https:\/\/tacuarembo.gub.uy\/wp-content\/uploads\/WhatsApp-Image-2020-02-10-at-18.00.262-800x420.jpeg\" alt=\"\" class=\"wp-image-6485\"\/><\/figure>\n\n\n\n<figure class=\"wp-block-image size-large\"><img loading=\"lazy\" decoding=\"async\" width=\"800\" height=\"420\" src=\"https:\/\/tacuarembo.gub.uy\/wp-content\/uploads\/WhatsApp-Image-2020-02-10-at-18.00.261-800x420.jpeg\" alt=\"\" class=\"wp-image-6483\"\/><\/figure>\n\n\n\n<figure class=\"wp-block-image size-large\"><img loading=\"lazy\" decoding=\"async\" width=\"800\" height=\"420\" src=\"https:\/\/tacuarembo.gub.uy\/wp-content\/uploads\/WhatsApp-Image-2020-02-10-at-18.00.26-800x420.jpeg\" alt=\"\" class=\"wp-image-6486\"\/><\/figure>\n\n\n\n<iframe loading=\"lazy\" src=\"https:\/\/www.youtube.com\/embed\/7Eb5h36MCZk\" allow=\"accelerometer; autoplay; encrypted-media; gyroscope; picture-in-picture\" allowfullscreen=\"\" width=\"900\" height=\"506\" frameborder=\"0\"><\/iframe>\n","protected":false},"excerpt":{"rendered":"<p>En el Despacho Principal el Intendente Dr. Jos\u00e9 O. Men\u00e9ndez firm\u00f3 la resoluci\u00f3n en la que designa a la funcionaria de carrera con una trayectoria de 29 a\u00f1os en la funci\u00f3n p\u00fablica; que lo estar\u00e1 acompa\u00f1ando hasta el final del periodo.<\/p>\n","protected":false},"author":3,"featured_media":6491,"comment_status":"open","ping_status":"open","sticky":false,"template":"","format":"standard","meta":{"_eb_attr":"","footnotes":""},"categories":[16],"tags":[],"class_list":{"0":"post-6477","1":"post","2":"type-post","3":"status-publish","4":"format-standard","5":"has-post-thumbnail","7":"category-noticias"},"_links":{"self":[{"href":"https:\/\/tacuarembo.gub.uy\/index.php?rest_route=\/wp\/v2\/posts\/6477","targetHints":{"allow":["GET"]}}],"collection":[{"href":"https:\/\/tacuarembo.gub.uy\/index.php?rest_route=\/wp\/v2\/posts"}],"about":[{"href":"https:\/\/tacuarembo.gub.uy\/index.php?rest_route=\/wp\/v2\/types\/post"}],"author":[{"embeddable":true,"href":"https:\/\/tacuarembo.gub.uy\/index.php?rest_route=\/wp\/v2\/users\/3"}],"replies":[{"embeddable":true,"href":"https:\/\/tacuarembo.gub.uy\/index.php?rest_route=%2Fwp%2Fv2%2Fcomments&post=6477"}],"version-history":[{"count":3,"href":"https:\/\/tacuarembo.gub.uy\/index.php?rest_route=\/wp\/v2\/posts\/6477\/revisions"}],"predecessor-version":[{"id":7175,"href":"https:\/\/tacuarembo.gub.uy\/index.php?rest_route=\/wp\/v2\/posts\/6477\/revisions\/7175"}],"wp:featuredmedia":[{"embeddable":true,"href":"https:\/\/tacuarembo.gub.uy\/index.php?rest_route=\/wp\/v2\/media\/6491"}],"wp:attachment":[{"href":"https:\/\/tacuarembo.gub.uy\/index.php?rest_route=%2Fwp%2Fv2%2Fmedia&parent=6477"}],"wp:term":[{"taxonomy":"category","embeddable":true,"href":"https:\/\/tacuarembo.gub.uy\/index.php?rest_route=%2Fwp%2Fv2%2Fcategories&post=6477"},{"taxonomy":"post_tag","embeddable":true,"href":"https:\/\/tacuarembo.gub.uy\/index.php?rest_route=%2Fwp%2Fv2%2Ftags&post=6477"}],"curies":[{"name":"wp","href":"https:\/\/api.w.org\/{rel}","templated":true}]}}