{"id":6453,"date":"2020-02-06T10:36:42","date_gmt":"2020-02-06T13:36:42","guid":{"rendered":"https:\/\/tacuarembo.gub.uy\/?p=6453"},"modified":"2020-02-06T10:36:42","modified_gmt":"2020-02-06T13:36:42","slug":"feria-vecinal-centro-de-barrio-3","status":"publish","type":"post","link":"https:\/\/tacuarembo.gub.uy\/?p=6453","title":{"rendered":"Feria vecinal, Centro de Barrio 3"},"content":{"rendered":"\n<p>La Dir. Gral. de Desarrollo Social, Promoci\u00f3n Social, conjuntamente con Mesa Ejecutiva de Centro de Barrio 3 \u201cEl Hongo\u201d, invitan a la poblaci\u00f3n en general para la Feria Vecinal que se desarrollar\u00e1 en dicho centro el pr\u00f3ximo s\u00e1bado 8 de febrero en horario de 19:00 a 23:00 horas; all\u00ed se vender\u00e1n productos producidos y elaborados por los mismos feriantes como ser: juguetes, plantas, ropa, tortas fritas, etc.<\/p>\n","protected":false},"excerpt":{"rendered":"<p>La Dir. Gral. de Desarrollo Social, Promoci\u00f3n Social, conjuntamente con Mesa Ejecutiva de Centro de Barrio 3 \u201cEl Hongo\u201d, invitan a la poblaci\u00f3n en general para la Feria Vecinal que se desarrollar\u00e1 en dicho centro el pr\u00f3ximo s\u00e1bado 8 de febrero en horario de 19:00 a 23:00 horas; all\u00ed se vender\u00e1n productos producidos y elaborados por los mismos feriantes como ser: juguetes, plantas, ropa, tortas fritas, etc.<\/p>\n","protected":false},"author":3,"featured_media":6454,"comment_status":"open","ping_status":"open","sticky":false,"template":"","format":"standard","meta":{"_eb_attr":"","footnotes":""},"categories":[16],"tags":[],"class_list":{"0":"post-6453","1":"post","2":"type-post","3":"status-publish","4":"format-standard","5":"has-post-thumbnail","7":"category-noticias"},"_links":{"self":[{"href":"https:\/\/tacuarembo.gub.uy\/index.php?rest_route=\/wp\/v2\/posts\/6453","targetHints":{"allow":["GET"]}}],"collection":[{"href":"https:\/\/tacuarembo.gub.uy\/index.php?rest_route=\/wp\/v2\/posts"}],"about":[{"href":"https:\/\/tacuarembo.gub.uy\/index.php?rest_route=\/wp\/v2\/types\/post"}],"author":[{"embeddable":true,"href":"https:\/\/tacuarembo.gub.uy\/index.php?rest_route=\/wp\/v2\/users\/3"}],"replies":[{"embeddable":true,"href":"https:\/\/tacuarembo.gub.uy\/index.php?rest_route=%2Fwp%2Fv2%2Fcomments&post=6453"}],"version-history":[{"count":1,"href":"https:\/\/tacuarembo.gub.uy\/index.php?rest_route=\/wp\/v2\/posts\/6453\/revisions"}],"predecessor-version":[{"id":6455,"href":"https:\/\/tacuarembo.gub.uy\/index.php?rest_route=\/wp\/v2\/posts\/6453\/revisions\/6455"}],"wp:featuredmedia":[{"embeddable":true,"href":"https:\/\/tacuarembo.gub.uy\/index.php?rest_route=\/wp\/v2\/media\/6454"}],"wp:attachment":[{"href":"https:\/\/tacuarembo.gub.uy\/index.php?rest_route=%2Fwp%2Fv2%2Fmedia&parent=6453"}],"wp:term":[{"taxonomy":"category","embeddable":true,"href":"https:\/\/tacuarembo.gub.uy\/index.php?rest_route=%2Fwp%2Fv2%2Fcategories&post=6453"},{"taxonomy":"post_tag","embeddable":true,"href":"https:\/\/tacuarembo.gub.uy\/index.php?rest_route=%2Fwp%2Fv2%2Ftags&post=6453"}],"curies":[{"name":"wp","href":"https:\/\/api.w.org\/{rel}","templated":true}]}}