{"id":6435,"date":"2020-02-05T16:05:59","date_gmt":"2020-02-05T19:05:59","guid":{"rendered":"https:\/\/tacuarembo.gub.uy\/?p=6435"},"modified":"2020-02-05T16:05:59","modified_gmt":"2020-02-05T19:05:59","slug":"maquina-para-lavar-contenedores-destinada-a-paso-de-los-toros","status":"publish","type":"post","link":"https:\/\/tacuarembo.gub.uy\/?p=6435","title":{"rendered":"M\u00e1quina para lavar contenedores destinada a Paso de los Toros"},"content":{"rendered":"\n<p>La m\u00e1quina port\u00e1til para lavar contenedores adquirida por la Intendencia de Tacuaremb\u00f3 destinada a Paso de los Toros, lleg\u00f3 en las \u00faltimas horas. <br>El moderno equipamiento fue adquirido a trav\u00e9s de un proceso de licitaci\u00f3n, y la demora de su arribo se dio por los tr\u00e1mites de importaci\u00f3n.<br>La m\u00e1quina permitir\u00e1 el lavado \u201cin situ\u201d de los contenedores, por lo cual se le colocar\u00e1 un enganche para facilitar su traslado, y se le instalar\u00e1n los elementos de iluminaci\u00f3n necesarios para circular, antes de ponerla operativa. <br>Su incorporaci\u00f3n aportar\u00e1 higiene a los dep\u00f3sitos, evitando el mal olor tan caracter\u00edstico en d\u00edas de alta temperatura por la descomposici\u00f3n de los residuos org\u00e1nicos.<\/p>\n\n\n\n<figure class=\"wp-block-image size-large\"><img loading=\"lazy\" decoding=\"async\" width=\"800\" height=\"420\" src=\"https:\/\/tacuarembo.gub.uy\/wp-content\/uploads\/WhatsApp-Image-2020-02-05-at-16.03.172-1-800x420.jpeg\" alt=\"\" class=\"wp-image-6439\"\/><\/figure>\n\n\n\n<figure class=\"wp-block-image size-large\"><img loading=\"lazy\" decoding=\"async\" width=\"800\" height=\"420\" src=\"https:\/\/tacuarembo.gub.uy\/wp-content\/uploads\/WhatsApp-Image-2020-02-05-at-16.03.171-800x420.jpeg\" alt=\"\" class=\"wp-image-6437\"\/><\/figure>\n\n\n\n<figure class=\"wp-block-image size-large\"><img loading=\"lazy\" decoding=\"async\" width=\"800\" height=\"420\" src=\"https:\/\/tacuarembo.gub.uy\/wp-content\/uploads\/WhatsApp-Image-2020-02-05-at-16.03.17-800x420.jpeg\" alt=\"\" class=\"wp-image-6438\"\/><\/figure>\n","protected":false},"excerpt":{"rendered":"<p>La m\u00e1quina port\u00e1til para lavar contenedores adquirida por la Intendencia de Tacuaremb\u00f3 destinada a Paso de los Toros, lleg\u00f3 en las \u00faltimas horas. <\/p>\n","protected":false},"author":3,"featured_media":6436,"comment_status":"open","ping_status":"open","sticky":false,"template":"","format":"standard","meta":{"_eb_attr":"","footnotes":""},"categories":[16],"tags":[],"class_list":{"0":"post-6435","1":"post","2":"type-post","3":"status-publish","4":"format-standard","5":"has-post-thumbnail","7":"category-noticias"},"_links":{"self":[{"href":"https:\/\/tacuarembo.gub.uy\/index.php?rest_route=\/wp\/v2\/posts\/6435","targetHints":{"allow":["GET"]}}],"collection":[{"href":"https:\/\/tacuarembo.gub.uy\/index.php?rest_route=\/wp\/v2\/posts"}],"about":[{"href":"https:\/\/tacuarembo.gub.uy\/index.php?rest_route=\/wp\/v2\/types\/post"}],"author":[{"embeddable":true,"href":"https:\/\/tacuarembo.gub.uy\/index.php?rest_route=\/wp\/v2\/users\/3"}],"replies":[{"embeddable":true,"href":"https:\/\/tacuarembo.gub.uy\/index.php?rest_route=%2Fwp%2Fv2%2Fcomments&post=6435"}],"version-history":[{"count":1,"href":"https:\/\/tacuarembo.gub.uy\/index.php?rest_route=\/wp\/v2\/posts\/6435\/revisions"}],"predecessor-version":[{"id":6442,"href":"https:\/\/tacuarembo.gub.uy\/index.php?rest_route=\/wp\/v2\/posts\/6435\/revisions\/6442"}],"wp:featuredmedia":[{"embeddable":true,"href":"https:\/\/tacuarembo.gub.uy\/index.php?rest_route=\/wp\/v2\/media\/6436"}],"wp:attachment":[{"href":"https:\/\/tacuarembo.gub.uy\/index.php?rest_route=%2Fwp%2Fv2%2Fmedia&parent=6435"}],"wp:term":[{"taxonomy":"category","embeddable":true,"href":"https:\/\/tacuarembo.gub.uy\/index.php?rest_route=%2Fwp%2Fv2%2Fcategories&post=6435"},{"taxonomy":"post_tag","embeddable":true,"href":"https:\/\/tacuarembo.gub.uy\/index.php?rest_route=%2Fwp%2Fv2%2Ftags&post=6435"}],"curies":[{"name":"wp","href":"https:\/\/api.w.org\/{rel}","templated":true}]}}