{"id":6421,"date":"2020-02-05T11:47:32","date_gmt":"2020-02-05T14:47:32","guid":{"rendered":"https:\/\/tacuarembo.gub.uy\/?p=6421"},"modified":"2020-02-05T11:47:32","modified_gmt":"2020-02-05T14:47:32","slug":"verano-a-pedal-2020","status":"publish","type":"post","link":"https:\/\/tacuarembo.gub.uy\/?p=6421","title":{"rendered":"Verano a Pedal 2020"},"content":{"rendered":"\n<p>La Dir. Gral. de Educaci\u00f3n y Cultura invita para la exhibici\u00f3n de una pel\u00edcula con el sistema \u201cVerano a Pedal 2020\u201d, de la empresa Efecto Cine; la misma ser\u00e1 \u201c25 Watts\u201d, en plaza 19 de abril el d\u00eda 14 de febrero a la hora 20:30.<\/p>\n\n\n\n<figure class=\"wp-block-image size-full\"><img loading=\"lazy\" decoding=\"async\" width=\"266\" height=\"395\" src=\"https:\/\/tacuarembo.gub.uy\/wp-content\/uploads\/27952.jpg\" alt=\"\" class=\"wp-image-6423\"\/><\/figure>\n","protected":false},"excerpt":{"rendered":"<p>La Dir. Gral. de Educaci\u00f3n y Cultura invita para la exhibici\u00f3n de una pel\u00edcula con el sistema \u201cVerano a Pedal 2020\u201d, de la empresa Efecto Cine; la misma ser\u00e1 \u201c25 Watts\u201d, en plaza 19 de abril el d\u00eda 14 de febrero a la hora 20:30.<\/p>\n","protected":false},"author":3,"featured_media":6422,"comment_status":"open","ping_status":"open","sticky":false,"template":"","format":"standard","meta":{"_eb_attr":"","footnotes":""},"categories":[16],"tags":[],"class_list":{"0":"post-6421","1":"post","2":"type-post","3":"status-publish","4":"format-standard","5":"has-post-thumbnail","7":"category-noticias"},"_links":{"self":[{"href":"https:\/\/tacuarembo.gub.uy\/index.php?rest_route=\/wp\/v2\/posts\/6421","targetHints":{"allow":["GET"]}}],"collection":[{"href":"https:\/\/tacuarembo.gub.uy\/index.php?rest_route=\/wp\/v2\/posts"}],"about":[{"href":"https:\/\/tacuarembo.gub.uy\/index.php?rest_route=\/wp\/v2\/types\/post"}],"author":[{"embeddable":true,"href":"https:\/\/tacuarembo.gub.uy\/index.php?rest_route=\/wp\/v2\/users\/3"}],"replies":[{"embeddable":true,"href":"https:\/\/tacuarembo.gub.uy\/index.php?rest_route=%2Fwp%2Fv2%2Fcomments&post=6421"}],"version-history":[{"count":1,"href":"https:\/\/tacuarembo.gub.uy\/index.php?rest_route=\/wp\/v2\/posts\/6421\/revisions"}],"predecessor-version":[{"id":6424,"href":"https:\/\/tacuarembo.gub.uy\/index.php?rest_route=\/wp\/v2\/posts\/6421\/revisions\/6424"}],"wp:featuredmedia":[{"embeddable":true,"href":"https:\/\/tacuarembo.gub.uy\/index.php?rest_route=\/wp\/v2\/media\/6422"}],"wp:attachment":[{"href":"https:\/\/tacuarembo.gub.uy\/index.php?rest_route=%2Fwp%2Fv2%2Fmedia&parent=6421"}],"wp:term":[{"taxonomy":"category","embeddable":true,"href":"https:\/\/tacuarembo.gub.uy\/index.php?rest_route=%2Fwp%2Fv2%2Fcategories&post=6421"},{"taxonomy":"post_tag","embeddable":true,"href":"https:\/\/tacuarembo.gub.uy\/index.php?rest_route=%2Fwp%2Fv2%2Ftags&post=6421"}],"curies":[{"name":"wp","href":"https:\/\/api.w.org\/{rel}","templated":true}]}}