{"id":6121,"date":"2020-01-14T11:41:13","date_gmt":"2020-01-14T14:41:13","guid":{"rendered":"https:\/\/tacuarembo.gub.uy\/?p=6121"},"modified":"2020-01-14T11:41:13","modified_gmt":"2020-01-14T14:41:13","slug":"gimnasia-funcional-en-barrio-san-gabriel","status":"publish","type":"post","link":"https:\/\/tacuarembo.gub.uy\/?p=6121","title":{"rendered":"Gimnasia funcional en Barrio San Gabriel"},"content":{"rendered":"\n<p>La Dir.Gral. de Desarrollo Social informa que el lunes 21 de enero a la hora 19:00, se estar\u00e1n retomando las actividades de gimnasia funcional que se llevan a cabo en el centro social y comunitario de Barrio San Gabriel, a cargo de la Lic. Educ. F\u00edsica Dayana Moreira; la frecuencia de las clases ser\u00e1 los lunes y mi\u00e9rcoles a las 19:00 horas, para personas a partir de los 15 a\u00f1os y deben concurrir a inscribirse presentando c\u00e9dula de identidad vigente, carn\u00e9 de salud o de adolescente vigente.<\/p>\n","protected":false},"excerpt":{"rendered":"<p>La Dir.Gral. de Desarrollo Social informa que el lunes 21 de enero a la hora 19:00, se estar\u00e1n retomando las actividades de gimnasia funcional que se llevan a cabo en el centro social y comunitario de Barrio San Gabriel, a cargo de la Lic. Educ. F\u00edsica Dayana Moreira<\/p>\n","protected":false},"author":3,"featured_media":6122,"comment_status":"open","ping_status":"open","sticky":false,"template":"","format":"standard","meta":{"_eb_attr":"","footnotes":""},"categories":[16],"tags":[],"class_list":{"0":"post-6121","1":"post","2":"type-post","3":"status-publish","4":"format-standard","5":"has-post-thumbnail","7":"category-noticias"},"_links":{"self":[{"href":"https:\/\/tacuarembo.gub.uy\/index.php?rest_route=\/wp\/v2\/posts\/6121","targetHints":{"allow":["GET"]}}],"collection":[{"href":"https:\/\/tacuarembo.gub.uy\/index.php?rest_route=\/wp\/v2\/posts"}],"about":[{"href":"https:\/\/tacuarembo.gub.uy\/index.php?rest_route=\/wp\/v2\/types\/post"}],"author":[{"embeddable":true,"href":"https:\/\/tacuarembo.gub.uy\/index.php?rest_route=\/wp\/v2\/users\/3"}],"replies":[{"embeddable":true,"href":"https:\/\/tacuarembo.gub.uy\/index.php?rest_route=%2Fwp%2Fv2%2Fcomments&post=6121"}],"version-history":[{"count":1,"href":"https:\/\/tacuarembo.gub.uy\/index.php?rest_route=\/wp\/v2\/posts\/6121\/revisions"}],"predecessor-version":[{"id":6123,"href":"https:\/\/tacuarembo.gub.uy\/index.php?rest_route=\/wp\/v2\/posts\/6121\/revisions\/6123"}],"wp:featuredmedia":[{"embeddable":true,"href":"https:\/\/tacuarembo.gub.uy\/index.php?rest_route=\/wp\/v2\/media\/6122"}],"wp:attachment":[{"href":"https:\/\/tacuarembo.gub.uy\/index.php?rest_route=%2Fwp%2Fv2%2Fmedia&parent=6121"}],"wp:term":[{"taxonomy":"category","embeddable":true,"href":"https:\/\/tacuarembo.gub.uy\/index.php?rest_route=%2Fwp%2Fv2%2Fcategories&post=6121"},{"taxonomy":"post_tag","embeddable":true,"href":"https:\/\/tacuarembo.gub.uy\/index.php?rest_route=%2Fwp%2Fv2%2Ftags&post=6121"}],"curies":[{"name":"wp","href":"https:\/\/api.w.org\/{rel}","templated":true}]}}