{"id":6118,"date":"2020-01-14T11:38:43","date_gmt":"2020-01-14T14:38:43","guid":{"rendered":"https:\/\/tacuarembo.gub.uy\/?p=6118"},"modified":"2020-01-14T11:38:43","modified_gmt":"2020-01-14T14:38:43","slug":"2-formato-playero","status":"publish","type":"post","link":"https:\/\/tacuarembo.gub.uy\/?p=6118","title":{"rendered":"\u201c2\u00b0 Formato Playero\u201d"},"content":{"rendered":"\n<p>Luego de nota elevada por la Dir.Gral. de Educaci\u00f3n y Cultura, en relaci\u00f3n a la iniciativa \u201cFormato Playero\u201d informando que se realiza este a\u00f1o, la segunda edici\u00f3n, que se llevar\u00e1 a cabo el 8 de febrero de 2020 en Casa de la Cultura de San Gregorio de Polanco, la misma es una propuesta de artistas: \u201cSi te he visto no me acuerdo\u201d y de compa\u00f1\u00eda teatral \u201cSociedad Alternativa\u201d, generando un espect\u00e1culo de 2 horas y media de duraci\u00f3n, con m\u00e1s de 20 personas en escena. El Ejecutivo Departamental, entendiendo que es importante difundir las actividades art\u00edsticas y culturales, resolvi\u00f3 por Resoluci\u00f3n, colaborar y apoyar dicha iniciativa.<\/p>\n","protected":false},"excerpt":{"rendered":"<p>Luego de nota elevada por la Dir.Gral. de Educaci\u00f3n y Cultura, en relaci\u00f3n a la iniciativa \u201cFormato Playero\u201d informando que se realiza este a\u00f1o, la segunda edici\u00f3n, que se llevar\u00e1 a cabo el 8 de febrero de 2020 en Casa de la Cultura de San Gregorio de Polanco<\/p>\n","protected":false},"author":3,"featured_media":6119,"comment_status":"open","ping_status":"open","sticky":false,"template":"","format":"standard","meta":{"_eb_attr":"","footnotes":""},"categories":[16],"tags":[],"class_list":{"0":"post-6118","1":"post","2":"type-post","3":"status-publish","4":"format-standard","5":"has-post-thumbnail","7":"category-noticias"},"_links":{"self":[{"href":"https:\/\/tacuarembo.gub.uy\/index.php?rest_route=\/wp\/v2\/posts\/6118","targetHints":{"allow":["GET"]}}],"collection":[{"href":"https:\/\/tacuarembo.gub.uy\/index.php?rest_route=\/wp\/v2\/posts"}],"about":[{"href":"https:\/\/tacuarembo.gub.uy\/index.php?rest_route=\/wp\/v2\/types\/post"}],"author":[{"embeddable":true,"href":"https:\/\/tacuarembo.gub.uy\/index.php?rest_route=\/wp\/v2\/users\/3"}],"replies":[{"embeddable":true,"href":"https:\/\/tacuarembo.gub.uy\/index.php?rest_route=%2Fwp%2Fv2%2Fcomments&post=6118"}],"version-history":[{"count":1,"href":"https:\/\/tacuarembo.gub.uy\/index.php?rest_route=\/wp\/v2\/posts\/6118\/revisions"}],"predecessor-version":[{"id":6120,"href":"https:\/\/tacuarembo.gub.uy\/index.php?rest_route=\/wp\/v2\/posts\/6118\/revisions\/6120"}],"wp:featuredmedia":[{"embeddable":true,"href":"https:\/\/tacuarembo.gub.uy\/index.php?rest_route=\/wp\/v2\/media\/6119"}],"wp:attachment":[{"href":"https:\/\/tacuarembo.gub.uy\/index.php?rest_route=%2Fwp%2Fv2%2Fmedia&parent=6118"}],"wp:term":[{"taxonomy":"category","embeddable":true,"href":"https:\/\/tacuarembo.gub.uy\/index.php?rest_route=%2Fwp%2Fv2%2Fcategories&post=6118"},{"taxonomy":"post_tag","embeddable":true,"href":"https:\/\/tacuarembo.gub.uy\/index.php?rest_route=%2Fwp%2Fv2%2Ftags&post=6118"}],"curies":[{"name":"wp","href":"https:\/\/api.w.org\/{rel}","templated":true}]}}