{"id":6101,"date":"2020-01-14T10:13:32","date_gmt":"2020-01-14T13:13:32","guid":{"rendered":"https:\/\/tacuarembo.gub.uy\/?p=6101"},"modified":"2020-01-14T10:13:32","modified_gmt":"2020-01-14T13:13:32","slug":"descentralizacion-de-la-salud-gobierno-anuncio-nuevo-instituto-de-alta-especializacion-en-cardiologia-en-hospital-de-tacuarembo","status":"publish","type":"post","link":"https:\/\/tacuarembo.gub.uy\/?p=6101","title":{"rendered":"Descentralizaci\u00f3n de la salud. Gobierno anunci\u00f3 nuevo instituto de alta especializaci\u00f3n en cardiolog\u00eda en hospital de Tacuaremb\u00f3"},"content":{"rendered":"\n<p><\/p>\n\n\n\n<p>El presidente Tabar\u00e9 V\u00e1zquez anunci\u00f3 este lunes 13 la extensi\u00f3n del Instituto de Medicina Altamente Especializada (IMAE) en cardiolog\u00eda del Hospital de Cl\u00ednicas al de Tacuaremb\u00f3. Destac\u00f3 que por primera vez el Fondo Nacional de Recursos regir\u00e1 un IMAE p\u00fablico y que la iniciativa permite capacitar recursos humanos en el norte del pa\u00eds. La inversi\u00f3n fue de 3 millones de d\u00f3lares y la poblaci\u00f3n objetivo son 350.000 usuarios.<br>Presidente Tabar\u00e9 V\u00e1zquez<\/p>\n\n\n\n<p>\u201cSe trata de un tema muy preciado para un vasto sector de la ciudadan\u00eda uruguaya, sobre todo del norte del pa\u00eds\u201d, dijo el presidente V\u00e1zquez, al iniciar la conferencia de prensa en la cual anunci\u00f3 la extensi\u00f3n del IMAE en cardiolog\u00eda del Hospital de Cl\u00ednicas al Tacuaremb\u00f3.<\/p>\n\n\n\n<p>La iniciativa, que permitir\u00e1 asistir a unos 350.000 habitantes, fue posible mediante un acuerdo suscripto entre el Ministerio de Salud P\u00fablica, el de Econom\u00eda y Finanzas, la Universidad de la Rep\u00fablica, la Facultad de Medicina, el Hospital de Cl\u00ednicas, la Asociaci\u00f3n de Servicios de Salud del Estado (ASSE) y el hospital de Tacuaremb\u00f3.<\/p>\n\n\n\n<p>El presidente destac\u00f3 el amplio apoyo obtenido del intendente de Tacuaremb\u00f3, Eber da Rosa, y dijo que se trata de un emprendimiento in\u00e9dito, porque por primera vez un IMAE p\u00fablico funcionar\u00e1 en la \u00f3rbita del Fondo Nacional de Recursos (FNR).<\/p>\n\n\n\n<p>Resalt\u00f3 que la obra implica otro avance en la descentralizaci\u00f3n de la salud p\u00fablica hacia todo el territorio nacional. Precis\u00f3 que las patolog\u00edas cardiol\u00f3gicas son las que causan m\u00e1s morbimortalidad y ahora se podr\u00e1 evitar que muchos de los pacientes que infartan tengan que trasladarse a Montevideo.<\/p>\n\n\n\n<p>V\u00e1zquez reconoci\u00f3 que fue complicado arribar a este acuerdo por la falta de experiencia, pero que, luego de mucho trabajo y aportes, se logr\u00f3. \u201cFinalmente pudimos armar este puzzle tan complicado\u201d, se\u00f1al\u00f3.<\/p>\n\n\n\n<p>La inversi\u00f3n en equipamiento y remodelaci\u00f3n edilicia rond\u00f3 los 3 millones de d\u00f3lares y la fecha de inicio a\u00fan no est\u00e1 definida.<\/p>\n\n\n\n<p>El ministro de Salud P\u00fablica, Jorge Basso, record\u00f3 que el convenio aprobado el pasado 9 de enero cumple con todas las exigencias legales del FNR y asegur\u00f3 que esta iniciativa disminuir\u00e1 las brechas de accesibilidad que existen entre la zona norte del pa\u00eds y la metropolitana.<\/p>\n\n\n\n<p>\u201cEsto tambi\u00e9n implica aprovechar experticia acumulada del Hospital de Cl\u00ednicas en lo relacionado a capacitaci\u00f3n y extenderla hacia el interior, creando estos polos que permitan generar condiciones para el trabajo especializado de algunos m\u00e9dicos en el \u00e1rea cardiol\u00f3gica y tambi\u00e9n lograr su radicaci\u00f3n en la zona, tratando de minimizar la hist\u00f3rica dificultad de mantener profesionales trabajando en el interior del pa\u00eds\u201d, agreg\u00f3.<\/p>\n\n\n\n<p>Basso aclar\u00f3 que este IMAE estar\u00e1 disponible para todos los usuarios del Sistema Nacional Integrado de Salud (SNIS) y que se seguir\u00e1 manteniendo la opci\u00f3n de elegir en cu\u00e1l atenderse.<\/p>\n\n\n\n<p>Por su parte, Da Rosa se mostr\u00f3 muy satisfecho ante la noticia, porque \u201ces una larga aspiraci\u00f3n por la cual la regi\u00f3n luch\u00f3 durante a\u00f1os, en especial bajo el liderazgo del director del Hhospital de Tacuaremb\u00f3, Ciro Ferreira\u201d.<\/p>\n\n\n\n<p>La titular del Hospital de Cl\u00ednicas, Graciela Ubach, resalt\u00f3 la importancia de poder capacitar recursos humanos en el territorio, como ocurrir\u00e1 en adelante en Tacuaremb\u00f3. Asimismo, para Ciro Ferreira, \u201choy es un d\u00eda de mucha felicidad y regocijo para quienes habitamos el norte del pa\u00eds\u201d.<\/p>\n\n\n\n<p>Tambi\u00e9n participaron de la conferencia realizada en la oficina presidencial de Su\u00e1rez, el titular de ASSE, Marcos Car\u00e1mbula; la directora alterna del FNR, Luc\u00eda Delgado; Mart\u00edn Valcorba, en representaci\u00f3n del Ministerio de Econom\u00eda y Finanzas, y Miguel Mart\u00ednez, decano de la Facultad de Medicina.<br>\nArticulo publicado por  Presidencia de la Rep\u00fablica.<\/p>\n\n\n\n<figure class=\"wp-block-image size-large\"><img loading=\"lazy\" decoding=\"async\" width=\"800\" height=\"420\" src=\"https:\/\/tacuarembo.gub.uy\/wp-content\/uploads\/WhatsApp-Image-2020-01-14-at-09.55.29-1-800x420.jpeg\" alt=\"\" class=\"wp-image-6108\"\/><\/figure>\n\n\n\n<figure class=\"wp-block-image size-large\"><img loading=\"lazy\" decoding=\"async\" width=\"800\" height=\"420\" src=\"https:\/\/tacuarembo.gub.uy\/wp-content\/uploads\/WhatsApp-Image-2020-01-14-at-09.55.281-800x420.jpeg\" alt=\"\" class=\"wp-image-6104\"\/><\/figure>\n\n\n\n\n\n\n\n<figure class=\"wp-block-image size-large\"><img loading=\"lazy\" decoding=\"async\" width=\"800\" height=\"420\" src=\"https:\/\/tacuarembo.gub.uy\/wp-content\/uploads\/WhatsApp-Image-2020-01-14-at-09.55.271-800x420.jpeg\" alt=\"\" class=\"wp-image-6103\"\/><\/figure>\n\n\n\n<figure class=\"wp-block-image size-large\"><img loading=\"lazy\" decoding=\"async\" width=\"800\" height=\"420\" src=\"https:\/\/tacuarembo.gub.uy\/wp-content\/uploads\/WhatsApp-Image-2020-01-14-at-09.55.27-800x420.jpeg\" alt=\"\" class=\"wp-image-6106\"\/><\/figure>\n\n\n\n<figure class=\"wp-block-image size-large\"><img loading=\"lazy\" decoding=\"async\" width=\"800\" height=\"420\" src=\"https:\/\/tacuarembo.gub.uy\/wp-content\/uploads\/WhatsApp-Image-2020-01-14-at-09.55.26-800x420.jpeg\" alt=\"\" class=\"wp-image-6105\"\/><\/figure>\n\n\n\n<figure class=\"wp-block-image size-large\"><img loading=\"lazy\" decoding=\"async\" width=\"800\" height=\"420\" src=\"https:\/\/tacuarembo.gub.uy\/wp-content\/uploads\/WhatsApp-Image-2020-01-14-at-09.55.25-800x420.jpeg\" alt=\"\" class=\"wp-image-6107\"\/><\/figure>\n","protected":false},"excerpt":{"rendered":"<p>El presidente Tabar\u00e9 V\u00e1zquez anunci\u00f3 este lunes 13 la extensi\u00f3n del Instituto de Medicina Altamente Especializada (IMAE) en cardiolog\u00eda del Hospital de Cl\u00ednicas al de Tacuaremb\u00f3<\/p>\n","protected":false},"author":3,"featured_media":6102,"comment_status":"open","ping_status":"open","sticky":false,"template":"","format":"standard","meta":{"_eb_attr":"","footnotes":""},"categories":[16],"tags":[],"class_list":{"0":"post-6101","1":"post","2":"type-post","3":"status-publish","4":"format-standard","5":"has-post-thumbnail","7":"category-noticias"},"_links":{"self":[{"href":"https:\/\/tacuarembo.gub.uy\/index.php?rest_route=\/wp\/v2\/posts\/6101","targetHints":{"allow":["GET"]}}],"collection":[{"href":"https:\/\/tacuarembo.gub.uy\/index.php?rest_route=\/wp\/v2\/posts"}],"about":[{"href":"https:\/\/tacuarembo.gub.uy\/index.php?rest_route=\/wp\/v2\/types\/post"}],"author":[{"embeddable":true,"href":"https:\/\/tacuarembo.gub.uy\/index.php?rest_route=\/wp\/v2\/users\/3"}],"replies":[{"embeddable":true,"href":"https:\/\/tacuarembo.gub.uy\/index.php?rest_route=%2Fwp%2Fv2%2Fcomments&post=6101"}],"version-history":[{"count":2,"href":"https:\/\/tacuarembo.gub.uy\/index.php?rest_route=\/wp\/v2\/posts\/6101\/revisions"}],"predecessor-version":[{"id":6117,"href":"https:\/\/tacuarembo.gub.uy\/index.php?rest_route=\/wp\/v2\/posts\/6101\/revisions\/6117"}],"wp:featuredmedia":[{"embeddable":true,"href":"https:\/\/tacuarembo.gub.uy\/index.php?rest_route=\/wp\/v2\/media\/6102"}],"wp:attachment":[{"href":"https:\/\/tacuarembo.gub.uy\/index.php?rest_route=%2Fwp%2Fv2%2Fmedia&parent=6101"}],"wp:term":[{"taxonomy":"category","embeddable":true,"href":"https:\/\/tacuarembo.gub.uy\/index.php?rest_route=%2Fwp%2Fv2%2Fcategories&post=6101"},{"taxonomy":"post_tag","embeddable":true,"href":"https:\/\/tacuarembo.gub.uy\/index.php?rest_route=%2Fwp%2Fv2%2Ftags&post=6101"}],"curies":[{"name":"wp","href":"https:\/\/api.w.org\/{rel}","templated":true}]}}