{"id":6089,"date":"2020-01-10T12:02:39","date_gmt":"2020-01-10T15:02:39","guid":{"rendered":"https:\/\/tacuarembo.gub.uy\/?p=6089"},"modified":"2020-01-10T12:02:39","modified_gmt":"2020-01-10T15:02:39","slug":"servicio-de-transporte-urbano-al-balneario","status":"publish","type":"post","link":"https:\/\/tacuarembo.gub.uy\/?p=6089","title":{"rendered":"Servicio de transporte urbano al Balneario"},"content":{"rendered":"\n<p>El servicio a Balneario Ipor\u00e1, de transporte urbano de pasajeros, se realiza los s\u00e1bados de 14:00 a 19:00 horas, domingos de 08:30 a 19:00, haciendo el siguiente recorrido: El Hongo, Bvar. Rodr\u00edguez Correa, 18 de julio, C\u00e9sar Ortiz y Ayala, Justino Men\u00e9ndez, Pablo Rios, Rotonda Ruta 5, Pablo R\u00edos, Dr. Domingo Catalina, 18 de julio, Intendencia, Parque Rod\u00f3 y Balneario Ipor\u00e1; regresando por Avda. H\u00e9ctor Guti\u00e9rrez Ruiz, Paul Harris, Aparicio Sarabia, Avda. Oribe y El Hongo.<\/p>\n","protected":false},"excerpt":{"rendered":"<p>El servicio a Balneario Ipor\u00e1, de transporte urbano de pasajeros, se realiza los s\u00e1bados de 14:00 a 19:00 horas, domingos de 08:30 a 19:00, haciendo el siguiente recorrido: El Hongo, Bvar. Rodr\u00edguez Correa, 18 de julio, C\u00e9sar Ortiz y Ayala, Justino Men\u00e9ndez, Pablo Rios, Rotonda Ruta 5, Pablo R\u00edos, Dr. Domingo Catalina, 18 de julio, Intendencia, Parque Rod\u00f3 y Balneario Ipor\u00e1; regresando por Avda. H\u00e9ctor Guti\u00e9rrez Ruiz, Paul Harris, Aparicio Sarabia, Avda. Oribe y El Hongo.<\/p>\n","protected":false},"author":3,"featured_media":6090,"comment_status":"open","ping_status":"open","sticky":false,"template":"","format":"standard","meta":{"_eb_attr":"","footnotes":""},"categories":[16],"tags":[],"class_list":{"0":"post-6089","1":"post","2":"type-post","3":"status-publish","4":"format-standard","5":"has-post-thumbnail","7":"category-noticias"},"_links":{"self":[{"href":"https:\/\/tacuarembo.gub.uy\/index.php?rest_route=\/wp\/v2\/posts\/6089","targetHints":{"allow":["GET"]}}],"collection":[{"href":"https:\/\/tacuarembo.gub.uy\/index.php?rest_route=\/wp\/v2\/posts"}],"about":[{"href":"https:\/\/tacuarembo.gub.uy\/index.php?rest_route=\/wp\/v2\/types\/post"}],"author":[{"embeddable":true,"href":"https:\/\/tacuarembo.gub.uy\/index.php?rest_route=\/wp\/v2\/users\/3"}],"replies":[{"embeddable":true,"href":"https:\/\/tacuarembo.gub.uy\/index.php?rest_route=%2Fwp%2Fv2%2Fcomments&post=6089"}],"version-history":[{"count":1,"href":"https:\/\/tacuarembo.gub.uy\/index.php?rest_route=\/wp\/v2\/posts\/6089\/revisions"}],"predecessor-version":[{"id":6091,"href":"https:\/\/tacuarembo.gub.uy\/index.php?rest_route=\/wp\/v2\/posts\/6089\/revisions\/6091"}],"wp:featuredmedia":[{"embeddable":true,"href":"https:\/\/tacuarembo.gub.uy\/index.php?rest_route=\/wp\/v2\/media\/6090"}],"wp:attachment":[{"href":"https:\/\/tacuarembo.gub.uy\/index.php?rest_route=%2Fwp%2Fv2%2Fmedia&parent=6089"}],"wp:term":[{"taxonomy":"category","embeddable":true,"href":"https:\/\/tacuarembo.gub.uy\/index.php?rest_route=%2Fwp%2Fv2%2Fcategories&post=6089"},{"taxonomy":"post_tag","embeddable":true,"href":"https:\/\/tacuarembo.gub.uy\/index.php?rest_route=%2Fwp%2Fv2%2Ftags&post=6089"}],"curies":[{"name":"wp","href":"https:\/\/api.w.org\/{rel}","templated":true}]}}