{"id":6082,"date":"2020-01-10T08:34:05","date_gmt":"2020-01-10T11:34:05","guid":{"rendered":"https:\/\/tacuarembo.gub.uy\/?p=6082"},"modified":"2020-01-10T08:34:05","modified_gmt":"2020-01-10T11:34:05","slug":"los-nocheros-regresan-a-uruguay","status":"publish","type":"post","link":"https:\/\/tacuarembo.gub.uy\/?p=6082","title":{"rendered":"Los Nocheros regresan a Uruguay"},"content":{"rendered":"\n<p>La reconocida agrupaci\u00f3n vocal de m\u00fasica tradicional argentina, fundada en Salta vuelve a Tacuaremb\u00f3 y a la Patria Gaucha. De estilo balada folkl\u00f3rica integrada por Mario Teruel, Rub\u00e9n Ehizaguirre, Kike Teruel y \u00c1lvaro Teruel. (quien reemplaz\u00f3 a Jorge Rojas luego de su separaci\u00f3n del grupo para lanzarse como solista.) Tras su consagraci\u00f3n en el Festival de Cosqu\u00edn, se edit\u00f3 su \u00e1lbum Con el alma en 1994. Obtuvieron, una variedad de premios, como el Francisco C\u00e1naro, el Olimpia, el Pampa (C\u00f3rdoba) y el Gardel. Tambi\u00e9n fueron nominados para los Premios Grammy Latinos.Algunas canciones conocidas son Yo soy tu r\u00edo, Entre la tierra y el cielo, Me enamor\u00e9 de una zamba, entre otras.<br> Con m\u00e1s 20 \u00e1lbumes editados hasta el momento, han vendido m\u00e1s de tres millones de copias s\u00f3lo en Argentina. Sus discos Signos y Se\u00f1al de Amor fueron certificados diamante (al vender m\u00e1s de 500.000 copias el primero, y 250.000 el segundo) por CAPIF.  Adem\u00e1s cuentan con m\u00e1s de  24 certificaciones platino, y 3 de oro.<br> Su reciente disco se titula \u201cSol Nocturno\u201d y lo presentar\u00e1n junto a todos sus cl\u00e1sicos en la 34\u00aa. Fiesta de la Patria Gaucha. Los Nocheros en las \u00faltimas horas informaron a sus seguidores en las redes sociales sobre su regreso a Uruguay el viernes 6 de marzo.<\/p>\n\n\n\n<figure class=\"wp-block-image\"><img loading=\"lazy\" decoding=\"async\" width=\"539\" height=\"420\" src=\"https:\/\/tacuarembo.gub.uy\/wp-content\/uploads\/WhatsApp-Image-2020-01-10-at-08.29.10-539x420.jpeg\" alt=\"\" class=\"wp-image-6084\"\/><\/figure>\n\n\n\n<figure class=\"wp-block-image\"><img loading=\"lazy\" decoding=\"async\" width=\"800\" height=\"420\" src=\"https:\/\/tacuarembo.gub.uy\/wp-content\/uploads\/WhatsApp-Image-2020-01-10-at-08.32.16-800x420.jpeg\" alt=\"\" class=\"wp-image-6085\"\/><\/figure>\n\n\n\n<figure class=\"wp-block-image size-large\"><img loading=\"lazy\" decoding=\"async\" width=\"800\" height=\"420\" src=\"https:\/\/tacuarembo.gub.uy\/wp-content\/uploads\/WhatsApp-Image-2020-01-10-at-08.32.17-2-800x420.jpeg\" alt=\"\" class=\"wp-image-6087\"\/><\/figure>\n\n\n\n<iframe loading=\"lazy\" width=\"729\" height=\"410\" src=\"https:\/\/www.youtube.com\/embed\/NjDB_QWimBI\" frameborder=\"0\" allow=\"accelerometer; autoplay; encrypted-media; gyroscope; picture-in-picture\" allowfullscreen><\/iframe>\n","protected":false},"excerpt":{"rendered":"<p>La reconocida agrupaci\u00f3n vocal de m\u00fasica tradicional argentina, fundada en Salta vuelve a Tacuaremb\u00f3 y a la Patria Gaucha. De estilo balada folkl\u00f3rica integrada por Mario Teruel, Rub\u00e9n Ehizaguirre, Kike Teruel y \u00c1lvaro Teruel. (quien reemplaz\u00f3 a Jorge Rojas luego de su separaci\u00f3n del grupo para lanzarse como solista.)<\/p>\n","protected":false},"author":3,"featured_media":6083,"comment_status":"open","ping_status":"open","sticky":false,"template":"","format":"standard","meta":{"_eb_attr":"","footnotes":""},"categories":[16],"tags":[],"class_list":{"0":"post-6082","1":"post","2":"type-post","3":"status-publish","4":"format-standard","5":"has-post-thumbnail","7":"category-noticias"},"_links":{"self":[{"href":"https:\/\/tacuarembo.gub.uy\/index.php?rest_route=\/wp\/v2\/posts\/6082","targetHints":{"allow":["GET"]}}],"collection":[{"href":"https:\/\/tacuarembo.gub.uy\/index.php?rest_route=\/wp\/v2\/posts"}],"about":[{"href":"https:\/\/tacuarembo.gub.uy\/index.php?rest_route=\/wp\/v2\/types\/post"}],"author":[{"embeddable":true,"href":"https:\/\/tacuarembo.gub.uy\/index.php?rest_route=\/wp\/v2\/users\/3"}],"replies":[{"embeddable":true,"href":"https:\/\/tacuarembo.gub.uy\/index.php?rest_route=%2Fwp%2Fv2%2Fcomments&post=6082"}],"version-history":[{"count":1,"href":"https:\/\/tacuarembo.gub.uy\/index.php?rest_route=\/wp\/v2\/posts\/6082\/revisions"}],"predecessor-version":[{"id":6088,"href":"https:\/\/tacuarembo.gub.uy\/index.php?rest_route=\/wp\/v2\/posts\/6082\/revisions\/6088"}],"wp:featuredmedia":[{"embeddable":true,"href":"https:\/\/tacuarembo.gub.uy\/index.php?rest_route=\/wp\/v2\/media\/6083"}],"wp:attachment":[{"href":"https:\/\/tacuarembo.gub.uy\/index.php?rest_route=%2Fwp%2Fv2%2Fmedia&parent=6082"}],"wp:term":[{"taxonomy":"category","embeddable":true,"href":"https:\/\/tacuarembo.gub.uy\/index.php?rest_route=%2Fwp%2Fv2%2Fcategories&post=6082"},{"taxonomy":"post_tag","embeddable":true,"href":"https:\/\/tacuarembo.gub.uy\/index.php?rest_route=%2Fwp%2Fv2%2Ftags&post=6082"}],"curies":[{"name":"wp","href":"https:\/\/api.w.org\/{rel}","templated":true}]}}